{"id":6334,"date":"2024-07-16T12:15:48","date_gmt":"2024-07-16T10:15:48","guid":{"rendered":"https:\/\/db-eco.com\/?p=6334"},"modified":"2025-05-07T01:09:41","modified_gmt":"2025-05-06T23:09:41","slug":"with-db-e-c-o-group-around-the-world-dual-study-program-abroad","status":"publish","type":"post","link":"https:\/\/db-eco.com\/en\/updates\/with-db-e-c-o-group-around-the-world-dual-study-program-abroad\/","title":{"rendered":"With DB E.C.O. Group Around the World \u2013 Dual Study Abroad"},"content":{"rendered":"\n<div class=\"wp-block-dbec-core-layout-grid  layout-grid layout-grid--outer-margin-large layout-grid--expanded\"><div class=\"grid grid--child-margin-large\">\n<div class=\"wp-block-dbec-core-layout-column  column is-6-small is-6-medium column--expanded\"><div class=\"layout-column\"><nav class=\"breadcrumbs\"><div class=\"breadcrumbs__inner\"><a class=\"breadcrumbs__home\" href=\"https:\/\/db-eco.com\/en\/\" aria-label=\"Link Home\"><svg class=\"breadcrumbs__home-icon\"><use xlink:href=\"#home\"><\/use><\/svg><\/a> <svg class=\"breadcrumbs__delimiter\"><use xlink:href=\"#icon-arrow-right\"><\/use><\/svg> <a data-is-distributor=\"true\" href=\"https:\/\/db-eco.com\/en\/updates\/\">Updates<\/a> <svg class=\"breadcrumbs__delimiter\"><use xlink:href=\"#icon-arrow-right\"><\/use><\/svg><span class=\"breadcrumbs__actual-page\">With DB E.C.O. Group Around the World \u2013 Dual Study Abroad<\/span><\/div><\/nav><\/div><\/div>\n<\/div><\/div>\n\n\n\n<div class=\"wp-block-dbec-core-layout-grid  layout-grid layout-grid--outer-margin-small layout-grid--expanded\"><div class=\"grid grid--child-margin-small\">\n<div class=\"wp-block-dbec-core-layout-column  column is-6-small is-3-medium column--expanded\"><div class=\"layout-column\">\n<div class=\"wp-block-dbec-core-layout-text  wp-block-dbec-core-layout-text--expanded\"><div class=\"layout-column layout-column--text\"><div class=\"article-header\"><div class=\"article-header__tags\"><a class=\"tag\" href=\"https:\/\/db-eco.com\/en\/updates\/?categories=1\">News<\/a><\/div><h1 class=\"article-header__headline\">With DB E.C.O. Group Around the World \u2013 Dual Study Abroad<\/h1><div class=\"article-header__date\">July 16, 2024 &#8211; 12:15 pm<\/div><\/div><\/div><\/div>\n\n\n\n<div class=\"wp-block-dbec-core-sub-headline\"><p class=\"sub-headline\">Jan Schneider is a dual student at our subsidiary, DB Engineering &amp; Consulting. The 21-year-old is studying electrical engineering and works at the DB E&amp;C office in Braunschweig, focusing on planning for control and safety technology.<\/p><\/div>\n\n\n\n<div class=\"wp-block-dbec-core-figure\"><figure class=\"figure\"><div class=\"figure__inner\"><img decoding=\"async\" class=\"figure__image\" src=\"https:\/\/db-eco.com\/wp-content\/uploads\/2024\/07\/jan-schneider-internationalizing-initial-vocational-training.jpg\" srcset=\"https:\/\/db-eco.com\/wp-content\/uploads\/2024\/07\/jan-schneider-internationalizing-initial-vocational-training-300x225.jpg 300w, https:\/\/db-eco.com\/wp-content\/uploads\/2024\/07\/jan-schneider-internationalizing-initial-vocational-training-1024x768.jpg 1024w, https:\/\/db-eco.com\/wp-content\/uploads\/2024\/07\/jan-schneider-internationalizing-initial-vocational-training-150x150.jpg 150w, https:\/\/db-eco.com\/wp-content\/uploads\/2024\/07\/jan-schneider-internationalizing-initial-vocational-training-768x576.jpg 768w, https:\/\/db-eco.com\/wp-content\/uploads\/2024\/07\/jan-schneider-internationalizing-initial-vocational-training-520x390.jpg 520w, https:\/\/db-eco.com\/wp-content\/uploads\/2024\/07\/jan-schneider-internationalizing-initial-vocational-training-768x576.jpg 768w, https:\/\/db-eco.com\/wp-content\/uploads\/2024\/07\/jan-schneider-internationalizing-initial-vocational-training-1280x960.jpg 1280w\" alt=\"Jan Schneider during his assignment abroad in Uruguay\" width=\"1497\" height=\"1123\" loading=\"lazy\" sizes=\"auto, (min-width: 1330px) calc(((1200px - 35px * 5) * (3 \/ 6)) + (35px * (3 - 1))), (min-width: 768px) calc((((100vw - 130px) - 35px * 5) * (3 \/ 6)) + (35px * (3 - 1))), calc(100vw - 60px)\"\/><div class=\"enlarge-image\"><script data-name=\"style-options\" type=\"application\/json\">{\"closeButtonColor\":\"red\"}<\/script><template data-name=\"lightbox-content\"><div class=\"lightbox-image\"><div class=\"lightbox-image__image\" style=\"background-image:url(&quot;https:\/\/db-eco.com\/wp-content\/uploads\/2024\/07\/jan-schneider-internationalizing-initial-vocational-training.jpg&quot;)\"><\/div><\/div><\/template><\/div><div class=\"label-reference\" data-image-reference=\"<p&gt;DB Engineering &#038; Consulting \/ Jan Schneider<\/p&gt;\n\"><\/div><\/div><\/figure><\/div>\n<\/div><\/div>\n\n\n\n<div class=\"wp-block-dbec-core-layout-column  column is-6-small is-2-medium is-offset-left-1-medium column--expanded\"><div class=\"layout-column\">\n<div class=\"wp-block-dbec-core-layout-text  wp-block-dbec-core-layout-text--expanded\"><div class=\"layout-column layout-column--text\"><div class=\"wp-block-dbec-core-social-sharing\"><div class=\"social-sharing\" data-subject=\"\" data-recipient=\"\" data-body=\"\"><span class=\"social-sharing__label\">Share<\/span><div class=\"social-sharing__links\"><a class=\"social-sharing__link social-sharing__link--linkedin\" href=\"\/\" target=\"_blank\" rel=\"noopener noreferrer\" aria-label=\"Link LinkedIn\"><svg class=\"social-sharing__icon\"><use xlink:href=\"#icon-linked-in\"\/><\/svg><\/a><a class=\"social-sharing__link social-sharing__link--mail\" href=\"\/\" target=\"_blank\" rel=\"noopener noreferrer\" aria-label=\"Link Mail\"><svg class=\"social-sharing__icon\"><use xlink:href=\"#icon-mail\"\/><\/svg><\/a><\/div><\/div><\/div><\/div><\/div>\n\n\n\n<div class=\"wp-block-dbec-core-layout-text  wp-block-dbec-core-layout-text--expanded\"><div class=\"layout-column layout-column--text\"><div class=\"contact-person\"><h3 class=\"contact-person__name\">DB E.C.O. Group<\/h3><div class=\"contact-person__position\">Team Marketing &#038; Communications<\/div><div class=\"contact-person__address\">EUREF-Campus 14<br \/>\r\n10829 Berlin<br \/>\r\nGermany<\/div><a class=\"contact-person__link-communication\" href=\"mailto:marketing@db-eco.com\"><svg class=\"contact-person__icon-mail\"><use xlink:href=\"#icon-mail\"><\/use><\/svg><span>E-Mail<\/span><\/a><\/div><\/div><\/div>\n<\/div><\/div>\n<\/div><\/div>\n\n\n\n<div class=\"wp-block-dbec-core-layout-grid  layout-grid layout-grid--outer-margin-small layout-grid--expanded\"><div class=\"grid grid--child-margin-small\">\n<div class=\"wp-block-dbec-core-layout-column  column is-6-small is-6-medium column--expanded\"><div class=\"layout-column\">\n<div class=\"wp-block-dbec-core-layout-text  wp-block-dbec-core-layout-text--expanded\"><div class=\"layout-column layout-column--text\">\n<p>Key reasons for his application to the railway company included sustainability and the international presence of the DB E.C.O. Group.<\/p>\n\n\n\n<p>Early in his studies, he learned about the opportunity to complete part of his training abroad, which immediately sparked his interest. Participating in our program for working abroad was the logical next step for him. Initially, it was unclear where he would spend his time abroad. This depends on personal interests, educational background, and the capacity of the foreign departments.&nbsp;&nbsp;<\/p>\n<\/div><\/div>\n<\/div><\/div>\n<\/div><\/div>\n\n\n\n<div class=\"wp-block-dbec-core-layout-grid  layout-grid layout-grid--outer-margin-small layout-grid--expanded\"><div class=\"grid grid--child-margin-small\">\n<div class=\"wp-block-dbec-core-layout-column  column is-6-small is-3-medium column--expanded\"><div class=\"layout-column\">\n<div class=\"wp-block-dbec-core-layout-text  wp-block-dbec-core-layout-text--expanded\"><div class=\"layout-column layout-column--text\">\n<p>The &#8220;Internationalizing Initial Vocational Training&#8221; program offers young talents at <a href=\"https:\/\/db-engineering-consulting.com\/en\/\">DB Engineering &amp; Consulting<\/a> the chance to work in one of the international project regions. Dual students and trainees can apply for an overseas assignment for a maximum period of three months. The program aims to promote both professional and personal development of young professionals while supporting the projects. Since its introduction in 2022, 49 career starters have participated in the program, including Jan Schneider.&nbsp;<\/p>\n\n\n\n<p>\u201cWhen the program was presented, they said that you could quickly take on a lot of responsibility abroad. That sounded very interesting to me. I really like challenges,\u201d he says. At that time, he did not yet know that Uruguay would be his destination. <\/p>\n<\/div><\/div>\n<\/div><\/div>\n\n\n\n<div class=\"wp-block-dbec-core-layout-column  column is-6-small is-3-medium column--expanded\"><div class=\"layout-column\">\n<div class=\"wp-block-dbec-core-figure\"><figure class=\"figure\"><div class=\"figure__inner\"><img decoding=\"async\" class=\"figure__image\" src=\"https:\/\/db-eco.com\/wp-content\/uploads\/2024\/07\/internationalizing-initial-vocational-training.jpg\" srcset=\"https:\/\/db-eco.com\/wp-content\/uploads\/2024\/07\/internationalizing-initial-vocational-training-300x225.jpg 300w, https:\/\/db-eco.com\/wp-content\/uploads\/2024\/07\/internationalizing-initial-vocational-training-1024x768.jpg 1024w, https:\/\/db-eco.com\/wp-content\/uploads\/2024\/07\/internationalizing-initial-vocational-training-150x150.jpg 150w, https:\/\/db-eco.com\/wp-content\/uploads\/2024\/07\/internationalizing-initial-vocational-training-768x576.jpg 768w, https:\/\/db-eco.com\/wp-content\/uploads\/2024\/07\/internationalizing-initial-vocational-training-520x390.jpg 520w, https:\/\/db-eco.com\/wp-content\/uploads\/2024\/07\/internationalizing-initial-vocational-training-768x576.jpg 768w, https:\/\/db-eco.com\/wp-content\/uploads\/2024\/07\/internationalizing-initial-vocational-training-1280x960.jpg 1280w\" alt=\"Welding work in Uruguay\" width=\"1500\" height=\"1125\" loading=\"lazy\" sizes=\"auto, (min-width: 1330px) calc(((1200px - 35px * 5) * (3 \/ 6)) + (35px * (3 - 1))), (min-width: 768px) calc((((100vw - 130px) - 35px * 5) * (3 \/ 6)) + (35px * (3 - 1))), calc(100vw - 60px)\"\/><div class=\"enlarge-image\"><script data-name=\"style-options\" type=\"application\/json\">{\"closeButtonColor\":\"red\"}<\/script><template data-name=\"lightbox-content\"><div class=\"lightbox-image\"><div class=\"lightbox-image__image\" style=\"background-image:url(&quot;https:\/\/db-eco.com\/wp-content\/uploads\/2024\/07\/internationalizing-initial-vocational-training.jpg&quot;)\"><\/div><\/div><\/template><\/div><div class=\"label-reference\" data-image-reference=\"<p&gt;DB Engineering &#038; Consulting \/ Jan Schneider<\/p&gt;\n\"><\/div><\/div><\/figure><\/div>\n<\/div><\/div>\n<\/div><\/div>\n\n\n\n<div class=\"wp-block-dbec-core-layout-grid  layout-grid layout-grid--outer-margin-small layout-grid--expanded\"><div class=\"grid grid--child-margin-small\">\n<div class=\"wp-block-dbec-core-layout-column  column is-6-small is-6-medium column--expanded\"><div class=\"layout-column\">\n<div class=\"wp-block-dbec-core-layout-text  wp-block-dbec-core-layout-text--expanded\"><div class=\"layout-column layout-column--text\">\n<p>Where the program participants end up depends on their own interests and educational background \u2013 but above all on the needs of the departments abroad. The small South American country turned out to be the perfect choice for Jan. The practical work and hands-on mentality there complemented his studies and work in Germany perfectly.<\/p>\n\n\n\n<p>Earlier this year, the time finally came: Jan traveled to Uruguay. He now highly recommends this step to all aspiring professionals.&nbsp;<\/p>\n\n\n\n<p>In Uruguay, Jan supported a team for about three months, working for the Finnish paper producer UPM. UPM operates a new pulp mill in Paso de los Toros, with materials to be transported by rail to the port in Montevideo. To ensure this, the main line had to be renewed, a project supported by DB E&amp;C through <a href=\"https:\/\/db-engineering-consulting.com\/en\/productportfolio\/construction-supervision\/\">construction supervision<\/a> and <a href=\"https:\/\/db-engineering-consulting.com\/en\/productportfolio\/consulting\/mobilty-and-logistics-consulting\/\">consulting services<\/a>. Additionally, our subsidiary, <a href=\"https:\/\/io.deutschebahn.com\/en\/\">DB International Operations<\/a>, is responsible for the <a href=\"https:\/\/db-eco.com\/en\/updates\/a-new-era-for-rail-freight-transportation-in-uruguay\/\">modernization, operation, and maintenance of the 273-kilometer main line<\/a>. This line is part of an extensive government investment program and is expected to enable the transport of two million tons of pulp annually by rail in the future.&nbsp;<\/p>\n<\/div><\/div>\n<\/div><\/div>\n\n\n\n<div class=\"wp-block-dbec-core-layout-column  column is-6-small is-3-medium column--expanded\"><div class=\"layout-column\">\n<div class=\"wp-block-dbec-core-figure\"><figure class=\"figure\"><div class=\"figure__inner\"><img decoding=\"async\" class=\"figure__image\" src=\"https:\/\/db-eco.com\/wp-content\/uploads\/2024\/07\/internationalizing-initial-vocational-training-uruguay2.jpg\" srcset=\"https:\/\/db-eco.com\/wp-content\/uploads\/2024\/07\/internationalizing-initial-vocational-training-uruguay2-300x225.jpg 300w, https:\/\/db-eco.com\/wp-content\/uploads\/2024\/07\/internationalizing-initial-vocational-training-uruguay2-1024x768.jpg 1024w, https:\/\/db-eco.com\/wp-content\/uploads\/2024\/07\/internationalizing-initial-vocational-training-uruguay2-150x150.jpg 150w, https:\/\/db-eco.com\/wp-content\/uploads\/2024\/07\/internationalizing-initial-vocational-training-uruguay2-768x576.jpg 768w, https:\/\/db-eco.com\/wp-content\/uploads\/2024\/07\/internationalizing-initial-vocational-training-uruguay2-520x390.jpg 520w, https:\/\/db-eco.com\/wp-content\/uploads\/2024\/07\/internationalizing-initial-vocational-training-uruguay2-768x576.jpg 768w, https:\/\/db-eco.com\/wp-content\/uploads\/2024\/07\/internationalizing-initial-vocational-training-uruguay2-1280x960.jpg 1280w\" alt=\"Dual study abroad - Drone image of section of track in Uruguay\" width=\"1500\" height=\"1125\" loading=\"lazy\" sizes=\"auto, (min-width: 1330px) calc(((1200px - 35px * 5) * (3 \/ 6)) + (35px * (3 - 1))), (min-width: 768px) calc((((100vw - 130px) - 35px * 5) * (3 \/ 6)) + (35px * (3 - 1))), calc(100vw - 60px)\"\/><div class=\"enlarge-image\"><script data-name=\"style-options\" type=\"application\/json\">{\"closeButtonColor\":\"red\"}<\/script><template data-name=\"lightbox-content\"><div class=\"lightbox-image\"><div class=\"lightbox-image__image\" style=\"background-image:url(&quot;https:\/\/db-eco.com\/wp-content\/uploads\/2024\/07\/internationalizing-initial-vocational-training-uruguay2.jpg&quot;)\"><\/div><\/div><\/template><\/div><div class=\"label-reference\" data-image-reference=\"<p&gt;DB Engineering &#038; Consulting \/ Jan Schneider<\/p&gt;\n\"><\/div><\/div><\/figure><\/div>\n<\/div><\/div>\n\n\n\n<div class=\"wp-block-dbec-core-layout-column  column is-6-small is-3-medium column--expanded\"><div class=\"layout-column\">\n<div class=\"wp-block-dbec-core-layout-text  wp-block-dbec-core-layout-text--expanded\"><div class=\"layout-column layout-column--text\">\n<p>This makes Uruguay a DB E.C.O. Group location where Jan could gather numerous impressions. Together with his colleagues, he documented progress as well as defects and damages along the entire route, which were subsequently forwarded to the customer. This work was new to him: less time at the laptop, more customer contact, and diverse perspectives that often require direct negotiations.&nbsp;<\/p>\n\n\n\n<p>Jan remembers his time abroad fondly. Taking on this challenge was very worthwhile: &#8220;It was the best thing I could do,&#8221; he says. &#8220;Being on-site and seeing the practical implementation of what you plan on the computer was a great experience. I met many experienced people and learned a lot.&#8221;&nbsp;<\/p>\n\n\n\n<p>For Jan, the time in Montevideo was an experience he warmly recommends to all young talents at DB E&amp;C.&nbsp;<\/p>\n<\/div><\/div>\n<\/div><\/div>\n<\/div><\/div>\n\n\n\n<div class=\"wp-block-dbec-core-layout-grid  layout-grid layout-grid--outer-margin-large layout-grid--expanded\"><div class=\"grid grid--child-margin-small\">\n<div class=\"wp-block-dbec-core-layout-column  column is-6-small is-6-medium column--expanded\"><div class=\"layout-column\">\n<div class=\"wp-block-dbec-core-layout-linked-items  wp-block-dbec-core-layout-linked-items--expanded\"><section class=\"layout-linked-items\"><div class=\"layout-linked-items__header\"><div class=\"grid\"><div class=\"column is-6-small is-3-medium\"><h2 class=\"layout-linked-items__headline\">More news <\/h2><\/div><div class=\"column is-6-small is-3-medium\"><div class=\"layout-linked-items__wrapper-link layout-linked-items__wrapper-link--top\"><a class=\"layout-linked-items__link\" href=\"https:\/\/db-eco.com\/en\/news\/\" target=\"_self\" rel=\"noopener noreferrer\">Back to overview page <\/a><\/div><\/div><\/div><\/div><div class=\"layout-linked-items__inner\"><div class=\"news\"><div class=\"news__item\"><a class=\"base-card\" href=\"https:\/\/db-eco.com\/en\/updates\/symposium-on-railway-transport-in-colombia-lessons-learned-from-germanys-railway-experience\/\"><figure class=\"base-card__figure\"><img loading=\"lazy\" decoding=\"async\" width=\"768\" height=\"381\" src=\"https:\/\/db-eco.com\/wp-content\/uploads\/2024\/02\/symposium-germany-colombia-e1708346769800-768x381.png\" class=\"base-card__image wp-post-image\" alt=\"symposium: group picture of all speakers\" sizes=\"auto, (min-width: 1330px) calc(((1200px - 35px * 5) * (2 \/ 6)) + (35px * (2 - 1))), (min-width: 1024px) calc((((100vw - 130px) - 35px * 5) * (2 \/ 6)) + (35px * (2 - 1))), (min-width: 768px) calc((((100vw - 130px) - 35px * 5) * (3 \/ 6)) + (35px * (3 - 1))), calc(100vw - 60px)\" srcset=\"https:\/\/db-eco.com\/wp-content\/uploads\/2024\/02\/symposium-germany-colombia-e1708346769800-768x381.png 768w, https:\/\/db-eco.com\/wp-content\/uploads\/2024\/02\/symposium-germany-colombia-e1708346769800-300x149.png 300w, https:\/\/db-eco.com\/wp-content\/uploads\/2024\/02\/symposium-germany-colombia-e1708346769800-1024x508.png 1024w, https:\/\/db-eco.com\/wp-content\/uploads\/2024\/02\/symposium-germany-colombia-e1708346769800-1536x762.png 1536w, https:\/\/db-eco.com\/wp-content\/uploads\/2024\/02\/symposium-germany-colombia-e1708346769800-2048x1017.png 2048w, https:\/\/db-eco.com\/wp-content\/uploads\/2024\/02\/symposium-germany-colombia-e1708346769800-520x258.png 520w, https:\/\/db-eco.com\/wp-content\/uploads\/2024\/02\/symposium-germany-colombia-e1708346769800-1280x635.png 1280w, https:\/\/db-eco.com\/wp-content\/uploads\/2024\/02\/symposium-germany-colombia-e1708346769800-1920x953.png 1920w\" \/><div class=\"label-reference\" data-image-reference=\"German-Colombian Chamber of Industry and Commerce (AHK)\"><\/div><\/figure><h3 class=\"base-card__title\">Symposium on Railway Transport in Colombia: Lessons learned from Germany&#8217;s Railway Experience<\/h3><div class=\"base-card__date\">February 21, 2024<\/div><div class=\"base-card__copy\">On February 13, we had the pleasure of holding the first Symposium on Railway Transport in Colombia under the motto \u201cLessons Learned from the German Railway Experience for Colombia\u201d in the country\u2019s capital Bogota. <\/div><\/a><\/div><div class=\"news__item\"><a class=\"base-card\" href=\"https:\/\/db-eco.com\/en\/updates\/fulfilling-professional-development-goals-at-db-e-c-o-group\/\"><figure class=\"base-card__figure\"><img loading=\"lazy\" decoding=\"async\" width=\"768\" height=\"512\" src=\"https:\/\/db-eco.com\/wp-content\/uploads\/2024\/01\/KarriereDBE.C.O._Felipe-Urrego_Camara-Lucida-768x512.jpeg\" class=\"base-card__image wp-post-image\" alt=\"Luis Felipe Urrego on a balcony\" sizes=\"auto, (min-width: 1330px) calc(((1200px - 35px * 5) * (2 \/ 6)) + (35px * (2 - 1))), (min-width: 1024px) calc((((100vw - 130px) - 35px * 5) * (2 \/ 6)) + (35px * (2 - 1))), (min-width: 768px) calc((((100vw - 130px) - 35px * 5) * (3 \/ 6)) + (35px * (3 - 1))), calc(100vw - 60px)\" srcset=\"https:\/\/db-eco.com\/wp-content\/uploads\/2024\/01\/KarriereDBE.C.O._Felipe-Urrego_Camara-Lucida-768x512.jpeg 768w, https:\/\/db-eco.com\/wp-content\/uploads\/2024\/01\/KarriereDBE.C.O._Felipe-Urrego_Camara-Lucida-300x200.jpeg 300w, https:\/\/db-eco.com\/wp-content\/uploads\/2024\/01\/KarriereDBE.C.O._Felipe-Urrego_Camara-Lucida-520x347.jpeg 520w, https:\/\/db-eco.com\/wp-content\/uploads\/2024\/01\/KarriereDBE.C.O._Felipe-Urrego_Camara-Lucida.jpeg 1024w\" \/><div class=\"label-reference\" data-image-reference=\"Camara Lucida\"><\/div><\/figure><h3 class=\"base-card__title\"><strong>Fulfilling professional development goals at DB E.C.O. Group<\/strong><\/h3><div class=\"base-card__date\">January 18, 2024<\/div><div class=\"base-card__copy\">One of the cornerstones of DB E.C.O. Group&#8217;s success is our team. It is through our dedicated and experienced employees that we are able to make a lasting impact on global mobility. Our people&#8217;s commitment has earned us international recognition, unlocking opportunities year after year.<\/div><\/a><\/div><div class=\"news__item\"><a class=\"base-card\" href=\"https:\/\/db-eco.com\/en\/updates\/a-new-era-for-rail-freight-transportation-in-uruguay\/\"><figure class=\"base-card__figure\"><img loading=\"lazy\" decoding=\"async\" width=\"768\" height=\"491\" src=\"https:\/\/db-eco.com\/wp-content\/uploads\/2022\/03\/Falero_NW-Zuschnitt-1-768x491.jpg\" class=\"base-card__image wp-post-image\" alt=\"Freight transportation on rail in Uruguay: Jos\u00e9 Luis Falero and Niko Warbanoff\" sizes=\"auto, (min-width: 1330px) calc(((1200px - 35px * 5) * (2 \/ 6)) + (35px * (2 - 1))), (min-width: 1024px) calc((((100vw - 130px) - 35px * 5) * (2 \/ 6)) + (35px * (2 - 1))), (min-width: 768px) calc((((100vw - 130px) - 35px * 5) * (3 \/ 6)) + (35px * (3 - 1))), calc(100vw - 60px)\" srcset=\"https:\/\/db-eco.com\/wp-content\/uploads\/2022\/03\/Falero_NW-Zuschnitt-1-768x491.jpg 768w, https:\/\/db-eco.com\/wp-content\/uploads\/2022\/03\/Falero_NW-Zuschnitt-1-300x192.jpg 300w, https:\/\/db-eco.com\/wp-content\/uploads\/2022\/03\/Falero_NW-Zuschnitt-1-1024x654.jpg 1024w, https:\/\/db-eco.com\/wp-content\/uploads\/2022\/03\/Falero_NW-Zuschnitt-1-1536x981.jpg 1536w, https:\/\/db-eco.com\/wp-content\/uploads\/2022\/03\/Falero_NW-Zuschnitt-1-2048x1308.jpg 2048w, https:\/\/db-eco.com\/wp-content\/uploads\/2022\/03\/Falero_NW-Zuschnitt-1-520x332.jpg 520w, https:\/\/db-eco.com\/wp-content\/uploads\/2022\/03\/Falero_NW-Zuschnitt-1-1280x818.jpg 1280w\" \/><div class=\"label-reference\" data-image-reference=\"DB E.C.O. Group \/ Natalie Kendzia\"><\/div><\/figure><h3 class=\"base-card__title\">A new era for rail freight transportation in Uruguay<\/h3><div class=\"base-card__date\">March 17, 2022<\/div><div class=\"base-card__copy\">The DBCC Transport consortium, led by Deutsche Bahn International Operations, has been contracted to modernize and operate a freight line in Uruguay. Niko Warbanoff, Chairman and CEO of the DB E.C.O. Group, traveled to Uruguay to see the project for himself.<\/div><\/a><\/div><\/div><\/div><div class=\"layout-linked-items__wrapper-link layout-linked-items__wrapper-link--bottom\"><a class=\"layout-linked-items__link\" href=\"https:\/\/db-eco.com\/en\/news\/\" target=\"_self\" rel=\"noopener noreferrer\">Back to overview page <\/a><\/div><\/section><\/div>\n<\/div><\/div>\n<\/div><\/div>\n","protected":false},"excerpt":{"rendered":"<p>Jan Schneider is a dual student at our subsidiary, DB Engineering &#038; Consulting. The 21-year-old is studying electrical engineering and works at the DB E&#038;C office in Braunschweig, focusing on planning for control and safety technology.<\/p>\n","protected":false},"author":5,"featured_media":6340,"comment_status":"closed","ping_status":"closed","sticky":false,"template":"","format":"standard","meta":{"allow-other-domains":"1"},"categories":[1],"tags":[462,416,417,99,463,465,466,464],"class_list":["post-6334","post","type-post","status-publish","format-standard","has-post-thumbnail","hentry","category-assignments","tag-auslandseinsatz-en","tag-db-e-c-o-group-en","tag-db-ec-en","tag-db-engineering-consulting-en","tag-internationalisierung-der-erstausbildung-en","tag-internationalizing-initial-vocational-training","tag-stay-abroad","tag-uruguay-2-en"],"yoast_head":"<!-- This site is optimized with the Yoast SEO Premium plugin v26.1 (Yoast SEO v27.4) - https:\/\/yoast.com\/product\/yoast-seo-premium-wordpress\/ -->\n<title>With DB E.C.O. Group Around the World \u2013 Dual Study Abroad<\/title>\n<meta name=\"description\" content=\"As part of the &quot;Internationalizing Initial Vocational Training&quot; program, Jan reports on his dual study abroad. Read more here!\" \/>\n<meta name=\"robots\" content=\"index, follow, max-snippet:-1, max-image-preview:large, max-video-preview:-1\" \/>\n<link rel=\"canonical\" href=\"https:\/\/db-eco.com\/en\/updates\/with-db-e-c-o-group-around-the-world-dual-study-program-abroad\/\" \/>\n<meta property=\"og:locale\" content=\"en_US\" \/>\n<meta property=\"og:type\" content=\"article\" \/>\n<meta property=\"og:title\" content=\"With DB E.C.O. Group Around the World \u2013 Dual Study Abroad\" \/>\n<meta property=\"og:description\" content=\"As part of the &quot;Internationalizing Initial Vocational Training&quot; program, Jan reports on his dual study abroad. Read more here!\" \/>\n<meta property=\"og:url\" content=\"https:\/\/db-eco.com\/en\/updates\/with-db-e-c-o-group-around-the-world-dual-study-program-abroad\/\" \/>\n<meta property=\"og:site_name\" content=\"DB ECO\" \/>\n<meta property=\"article:published_time\" content=\"2024-07-16T10:15:48+00:00\" \/>\n<meta property=\"article:modified_time\" content=\"2025-05-06T23:09:41+00:00\" \/>\n<meta property=\"og:image\" content=\"https:\/\/db-eco.com\/wp-content\/uploads\/2024\/07\/jan-schneider-internationalizing-initial-vocational-training.jpg\" \/>\n\t<meta property=\"og:image:width\" content=\"1497\" \/>\n\t<meta property=\"og:image:height\" content=\"1123\" \/>\n\t<meta property=\"og:image:type\" content=\"image\/jpeg\" \/>\n<meta name=\"author\" content=\"Boglarka Mihaly\" \/>\n<meta name=\"twitter:card\" content=\"summary_large_image\" \/>\n<meta name=\"twitter:label1\" content=\"Written by\" \/>\n\t<meta name=\"twitter:data1\" content=\"Boglarka Mihaly\" \/>\n\t<meta name=\"twitter:label2\" content=\"Est. reading time\" \/>\n\t<meta name=\"twitter:data2\" content=\"5 minutes\" \/>\n<script type=\"application\/ld+json\" class=\"yoast-schema-graph\">{\"@context\":\"https:\\\/\\\/schema.org\",\"@graph\":[{\"@type\":\"Article\",\"@id\":\"https:\\\/\\\/db-eco.com\\\/en\\\/updates\\\/with-db-e-c-o-group-around-the-world-dual-study-program-abroad\\\/#article\",\"isPartOf\":{\"@id\":\"https:\\\/\\\/db-eco.com\\\/en\\\/updates\\\/with-db-e-c-o-group-around-the-world-dual-study-program-abroad\\\/\"},\"author\":{\"name\":\"Boglarka Mihaly\",\"@id\":\"https:\\\/\\\/db-eco.com\\\/en\\\/#\\\/schema\\\/person\\\/ecd7d74fe4822613b3bb4cec3a811143\"},\"headline\":\"With DB E.C.O. Group Around the World \u2013 Dual Study Abroad\",\"datePublished\":\"2024-07-16T10:15:48+00:00\",\"dateModified\":\"2025-05-06T23:09:41+00:00\",\"mainEntityOfPage\":{\"@id\":\"https:\\\/\\\/db-eco.com\\\/en\\\/updates\\\/with-db-e-c-o-group-around-the-world-dual-study-program-abroad\\\/\"},\"wordCount\":586,\"publisher\":{\"@id\":\"https:\\\/\\\/db-eco.com\\\/en\\\/#organization\"},\"image\":{\"@id\":\"https:\\\/\\\/db-eco.com\\\/en\\\/updates\\\/with-db-e-c-o-group-around-the-world-dual-study-program-abroad\\\/#primaryimage\"},\"thumbnailUrl\":\"https:\\\/\\\/db-eco.com\\\/wp-content\\\/uploads\\\/2024\\\/07\\\/jan-schneider-internationalizing-initial-vocational-training.jpg\",\"keywords\":[\"Auslandseinsatz\",\"DB e.c.o. group\",\"db e&amp;c\",\"db engineering &amp; consulting\",\"Internationalisierung der Erstausbildung\",\"Internationalizing Initial Vocational Training\",\"Stay abroad\",\"Uruguay\"],\"articleSection\":[\"News\"],\"inLanguage\":\"en-US\"},{\"@type\":\"WebPage\",\"@id\":\"https:\\\/\\\/db-eco.com\\\/en\\\/updates\\\/with-db-e-c-o-group-around-the-world-dual-study-program-abroad\\\/\",\"url\":\"https:\\\/\\\/db-eco.com\\\/en\\\/updates\\\/with-db-e-c-o-group-around-the-world-dual-study-program-abroad\\\/\",\"name\":\"With DB E.C.O. Group Around the World \u2013 Dual Study Abroad\",\"isPartOf\":{\"@id\":\"https:\\\/\\\/db-eco.com\\\/en\\\/#website\"},\"primaryImageOfPage\":{\"@id\":\"https:\\\/\\\/db-eco.com\\\/en\\\/updates\\\/with-db-e-c-o-group-around-the-world-dual-study-program-abroad\\\/#primaryimage\"},\"image\":{\"@id\":\"https:\\\/\\\/db-eco.com\\\/en\\\/updates\\\/with-db-e-c-o-group-around-the-world-dual-study-program-abroad\\\/#primaryimage\"},\"thumbnailUrl\":\"https:\\\/\\\/db-eco.com\\\/wp-content\\\/uploads\\\/2024\\\/07\\\/jan-schneider-internationalizing-initial-vocational-training.jpg\",\"datePublished\":\"2024-07-16T10:15:48+00:00\",\"dateModified\":\"2025-05-06T23:09:41+00:00\",\"description\":\"As part of the \\\"Internationalizing Initial Vocational Training\\\" program, Jan reports on his dual study abroad. Read more here!\",\"breadcrumb\":{\"@id\":\"https:\\\/\\\/db-eco.com\\\/en\\\/updates\\\/with-db-e-c-o-group-around-the-world-dual-study-program-abroad\\\/#breadcrumb\"},\"inLanguage\":\"en-US\",\"potentialAction\":[{\"@type\":\"ReadAction\",\"target\":[\"https:\\\/\\\/db-eco.com\\\/en\\\/updates\\\/with-db-e-c-o-group-around-the-world-dual-study-program-abroad\\\/\"]}]},{\"@type\":\"ImageObject\",\"inLanguage\":\"en-US\",\"@id\":\"https:\\\/\\\/db-eco.com\\\/en\\\/updates\\\/with-db-e-c-o-group-around-the-world-dual-study-program-abroad\\\/#primaryimage\",\"url\":\"https:\\\/\\\/db-eco.com\\\/wp-content\\\/uploads\\\/2024\\\/07\\\/jan-schneider-internationalizing-initial-vocational-training.jpg\",\"contentUrl\":\"https:\\\/\\\/db-eco.com\\\/wp-content\\\/uploads\\\/2024\\\/07\\\/jan-schneider-internationalizing-initial-vocational-training.jpg\",\"width\":1497,\"height\":1123,\"caption\":\"DB Engineering & Consulting \\\/ Jan Schneider\"},{\"@type\":\"BreadcrumbList\",\"@id\":\"https:\\\/\\\/db-eco.com\\\/en\\\/updates\\\/with-db-e-c-o-group-around-the-world-dual-study-program-abroad\\\/#breadcrumb\",\"itemListElement\":[{\"@type\":\"ListItem\",\"position\":1,\"name\":\"Home\",\"item\":\"https:\\\/\\\/db-eco.com\\\/en\\\/\"},{\"@type\":\"ListItem\",\"position\":2,\"name\":\"With DB E.C.O. Group Around the World \u2013 Dual Study Abroad\"}]},{\"@type\":\"WebSite\",\"@id\":\"https:\\\/\\\/db-eco.com\\\/en\\\/#website\",\"url\":\"https:\\\/\\\/db-eco.com\\\/en\\\/\",\"name\":\"DB ECO\",\"description\":\"Part of DB E.C.O. Group\",\"publisher\":{\"@id\":\"https:\\\/\\\/db-eco.com\\\/en\\\/#organization\"},\"potentialAction\":[{\"@type\":\"SearchAction\",\"target\":{\"@type\":\"EntryPoint\",\"urlTemplate\":\"https:\\\/\\\/db-eco.com\\\/en\\\/?s={search_term_string}\"},\"query-input\":{\"@type\":\"PropertyValueSpecification\",\"valueRequired\":true,\"valueName\":\"search_term_string\"}}],\"inLanguage\":\"en-US\"},{\"@type\":\"Organization\",\"@id\":\"https:\\\/\\\/db-eco.com\\\/en\\\/#organization\",\"name\":\"DB E.C.O. Group\",\"url\":\"https:\\\/\\\/db-eco.com\\\/en\\\/\",\"logo\":{\"@type\":\"ImageObject\",\"inLanguage\":\"en-US\",\"@id\":\"https:\\\/\\\/db-eco.com\\\/en\\\/#\\\/schema\\\/logo\\\/image\\\/\",\"url\":\"https:\\\/\\\/db-eco.com\\\/wp-content\\\/uploads\\\/2022\\\/10\\\/Logo_DB-ECO-Group_310x69.jpg\",\"contentUrl\":\"https:\\\/\\\/db-eco.com\\\/wp-content\\\/uploads\\\/2022\\\/10\\\/Logo_DB-ECO-Group_310x69.jpg\",\"width\":310,\"height\":69,\"caption\":\"DB E.C.O. Group\"},\"image\":{\"@id\":\"https:\\\/\\\/db-eco.com\\\/en\\\/#\\\/schema\\\/logo\\\/image\\\/\"},\"sameAs\":[\"https:\\\/\\\/www.linkedin.com\\\/company\\\/db-e-c-o-group\\\/\"],\"description\":\"Die DB E.C.O. Group setzt sich aus DB Engineering & Consulting, Deutsche Bahn International Operations, infraView, ESE Engineering und Software-Entwicklung, inno2grid sowie weiteren lokalen Gesellschaften, Tochterunternehmen und internationalen Beteiligungen zusammen. Das geb\u00fcndelte Fachwissen der Deutschen Bahn in den Bereichen Engineering, Consulting und Betrieb bildet die Grundlage f\u00fcr die umfassende Infrastrukturkompetenz der Gruppe. Diese Expertise ist integraler Bestandteil aller Leistungen und erm\u00f6glicht die Entwicklung innovativer und nachhaltiger L\u00f6sungen f\u00fcr die Mobilit\u00e4t der Zukunft. Seit Ende 2019 verbindet die B E.C.O. Group ihre fundierte Systemkenntnis des integrierten Schienenverkehrs mit digitalen Technologien entlang der gesamten Wertsch\u00f6pfungskette. Als Full-Service-Dienstleister mit \u00fcber 8.200 Mitarbeitenden aus 90 Nationen bietet das Unternehmen ein zukunftsorientiertes Leistungsportfolio und leistet zugleich einen aktiven Beitrag zum Umwelt- und Klimaschutz. In enger Zusammenarbeit mit Gesch\u00e4ftspartnern werden zuverl\u00e4ssige und wirtschaftliche L\u00f6sungen f\u00fcr komplexe Projekte umgesetzt.\",\"email\":\"eco-group@deutschebahn.com\",\"legalName\":\"DB Engineering & Consulting GmbH, DB E.C.O Group\",\"vatID\":\"DE 114 139 523\",\"numberOfEmployees\":{\"@type\":\"QuantitativeValue\",\"minValue\":\"5001\",\"maxValue\":\"10000\"}},{\"@type\":\"Person\",\"@id\":\"https:\\\/\\\/db-eco.com\\\/en\\\/#\\\/schema\\\/person\\\/ecd7d74fe4822613b3bb4cec3a811143\",\"name\":\"Boglarka Mihaly\",\"image\":{\"@type\":\"ImageObject\",\"inLanguage\":\"en-US\",\"@id\":\"https:\\\/\\\/secure.gravatar.com\\\/avatar\\\/0ecaf30e13847ad668da43e783b188af9b009781e2887e15014ff8a4f82e5651?s=96&d=mm&r=g\",\"url\":\"https:\\\/\\\/secure.gravatar.com\\\/avatar\\\/0ecaf30e13847ad668da43e783b188af9b009781e2887e15014ff8a4f82e5651?s=96&d=mm&r=g\",\"contentUrl\":\"https:\\\/\\\/secure.gravatar.com\\\/avatar\\\/0ecaf30e13847ad668da43e783b188af9b009781e2887e15014ff8a4f82e5651?s=96&d=mm&r=g\",\"caption\":\"Boglarka Mihaly\"}}]}<\/script>\n<!-- \/ Yoast SEO Premium plugin. -->","yoast_head_json":{"title":"With DB E.C.O. Group Around the World \u2013 Dual Study Abroad","description":"As part of the \"Internationalizing Initial Vocational Training\" program, Jan reports on his dual study abroad. Read more here!","robots":{"index":"index","follow":"follow","max-snippet":"max-snippet:-1","max-image-preview":"max-image-preview:large","max-video-preview":"max-video-preview:-1"},"canonical":"https:\/\/db-eco.com\/en\/updates\/with-db-e-c-o-group-around-the-world-dual-study-program-abroad\/","og_locale":"en_US","og_type":"article","og_title":"With DB E.C.O. Group Around the World \u2013 Dual Study Abroad","og_description":"As part of the \"Internationalizing Initial Vocational Training\" program, Jan reports on his dual study abroad. Read more here!","og_url":"https:\/\/db-eco.com\/en\/updates\/with-db-e-c-o-group-around-the-world-dual-study-program-abroad\/","og_site_name":"DB ECO","article_published_time":"2024-07-16T10:15:48+00:00","article_modified_time":"2025-05-06T23:09:41+00:00","og_image":[{"width":1497,"height":1123,"url":"https:\/\/db-eco.com\/wp-content\/uploads\/2024\/07\/jan-schneider-internationalizing-initial-vocational-training.jpg","type":"image\/jpeg"}],"author":"Boglarka Mihaly","twitter_card":"summary_large_image","twitter_misc":{"Written by":"Boglarka Mihaly","Est. reading time":"5 minutes"},"schema":{"@context":"https:\/\/schema.org","@graph":[{"@type":"Article","@id":"https:\/\/db-eco.com\/en\/updates\/with-db-e-c-o-group-around-the-world-dual-study-program-abroad\/#article","isPartOf":{"@id":"https:\/\/db-eco.com\/en\/updates\/with-db-e-c-o-group-around-the-world-dual-study-program-abroad\/"},"author":{"name":"Boglarka Mihaly","@id":"https:\/\/db-eco.com\/en\/#\/schema\/person\/ecd7d74fe4822613b3bb4cec3a811143"},"headline":"With DB E.C.O. Group Around the World \u2013 Dual Study Abroad","datePublished":"2024-07-16T10:15:48+00:00","dateModified":"2025-05-06T23:09:41+00:00","mainEntityOfPage":{"@id":"https:\/\/db-eco.com\/en\/updates\/with-db-e-c-o-group-around-the-world-dual-study-program-abroad\/"},"wordCount":586,"publisher":{"@id":"https:\/\/db-eco.com\/en\/#organization"},"image":{"@id":"https:\/\/db-eco.com\/en\/updates\/with-db-e-c-o-group-around-the-world-dual-study-program-abroad\/#primaryimage"},"thumbnailUrl":"https:\/\/db-eco.com\/wp-content\/uploads\/2024\/07\/jan-schneider-internationalizing-initial-vocational-training.jpg","keywords":["Auslandseinsatz","DB e.c.o. group","db e&amp;c","db engineering &amp; consulting","Internationalisierung der Erstausbildung","Internationalizing Initial Vocational Training","Stay abroad","Uruguay"],"articleSection":["News"],"inLanguage":"en-US"},{"@type":"WebPage","@id":"https:\/\/db-eco.com\/en\/updates\/with-db-e-c-o-group-around-the-world-dual-study-program-abroad\/","url":"https:\/\/db-eco.com\/en\/updates\/with-db-e-c-o-group-around-the-world-dual-study-program-abroad\/","name":"With DB E.C.O. Group Around the World \u2013 Dual Study Abroad","isPartOf":{"@id":"https:\/\/db-eco.com\/en\/#website"},"primaryImageOfPage":{"@id":"https:\/\/db-eco.com\/en\/updates\/with-db-e-c-o-group-around-the-world-dual-study-program-abroad\/#primaryimage"},"image":{"@id":"https:\/\/db-eco.com\/en\/updates\/with-db-e-c-o-group-around-the-world-dual-study-program-abroad\/#primaryimage"},"thumbnailUrl":"https:\/\/db-eco.com\/wp-content\/uploads\/2024\/07\/jan-schneider-internationalizing-initial-vocational-training.jpg","datePublished":"2024-07-16T10:15:48+00:00","dateModified":"2025-05-06T23:09:41+00:00","description":"As part of the \"Internationalizing Initial Vocational Training\" program, Jan reports on his dual study abroad. Read more here!","breadcrumb":{"@id":"https:\/\/db-eco.com\/en\/updates\/with-db-e-c-o-group-around-the-world-dual-study-program-abroad\/#breadcrumb"},"inLanguage":"en-US","potentialAction":[{"@type":"ReadAction","target":["https:\/\/db-eco.com\/en\/updates\/with-db-e-c-o-group-around-the-world-dual-study-program-abroad\/"]}]},{"@type":"ImageObject","inLanguage":"en-US","@id":"https:\/\/db-eco.com\/en\/updates\/with-db-e-c-o-group-around-the-world-dual-study-program-abroad\/#primaryimage","url":"https:\/\/db-eco.com\/wp-content\/uploads\/2024\/07\/jan-schneider-internationalizing-initial-vocational-training.jpg","contentUrl":"https:\/\/db-eco.com\/wp-content\/uploads\/2024\/07\/jan-schneider-internationalizing-initial-vocational-training.jpg","width":1497,"height":1123,"caption":"DB Engineering & Consulting \/ Jan Schneider"},{"@type":"BreadcrumbList","@id":"https:\/\/db-eco.com\/en\/updates\/with-db-e-c-o-group-around-the-world-dual-study-program-abroad\/#breadcrumb","itemListElement":[{"@type":"ListItem","position":1,"name":"Home","item":"https:\/\/db-eco.com\/en\/"},{"@type":"ListItem","position":2,"name":"With DB E.C.O. Group Around the World \u2013 Dual Study Abroad"}]},{"@type":"WebSite","@id":"https:\/\/db-eco.com\/en\/#website","url":"https:\/\/db-eco.com\/en\/","name":"DB ECO","description":"Part of DB E.C.O. Group","publisher":{"@id":"https:\/\/db-eco.com\/en\/#organization"},"potentialAction":[{"@type":"SearchAction","target":{"@type":"EntryPoint","urlTemplate":"https:\/\/db-eco.com\/en\/?s={search_term_string}"},"query-input":{"@type":"PropertyValueSpecification","valueRequired":true,"valueName":"search_term_string"}}],"inLanguage":"en-US"},{"@type":"Organization","@id":"https:\/\/db-eco.com\/en\/#organization","name":"DB E.C.O. Group","url":"https:\/\/db-eco.com\/en\/","logo":{"@type":"ImageObject","inLanguage":"en-US","@id":"https:\/\/db-eco.com\/en\/#\/schema\/logo\/image\/","url":"https:\/\/db-eco.com\/wp-content\/uploads\/2022\/10\/Logo_DB-ECO-Group_310x69.jpg","contentUrl":"https:\/\/db-eco.com\/wp-content\/uploads\/2022\/10\/Logo_DB-ECO-Group_310x69.jpg","width":310,"height":69,"caption":"DB E.C.O. Group"},"image":{"@id":"https:\/\/db-eco.com\/en\/#\/schema\/logo\/image\/"},"sameAs":["https:\/\/www.linkedin.com\/company\/db-e-c-o-group\/"],"description":"Die DB E.C.O. Group setzt sich aus DB Engineering & Consulting, Deutsche Bahn International Operations, infraView, ESE Engineering und Software-Entwicklung, inno2grid sowie weiteren lokalen Gesellschaften, Tochterunternehmen und internationalen Beteiligungen zusammen. Das geb\u00fcndelte Fachwissen der Deutschen Bahn in den Bereichen Engineering, Consulting und Betrieb bildet die Grundlage f\u00fcr die umfassende Infrastrukturkompetenz der Gruppe. Diese Expertise ist integraler Bestandteil aller Leistungen und erm\u00f6glicht die Entwicklung innovativer und nachhaltiger L\u00f6sungen f\u00fcr die Mobilit\u00e4t der Zukunft. Seit Ende 2019 verbindet die B E.C.O. Group ihre fundierte Systemkenntnis des integrierten Schienenverkehrs mit digitalen Technologien entlang der gesamten Wertsch\u00f6pfungskette. Als Full-Service-Dienstleister mit \u00fcber 8.200 Mitarbeitenden aus 90 Nationen bietet das Unternehmen ein zukunftsorientiertes Leistungsportfolio und leistet zugleich einen aktiven Beitrag zum Umwelt- und Klimaschutz. In enger Zusammenarbeit mit Gesch\u00e4ftspartnern werden zuverl\u00e4ssige und wirtschaftliche L\u00f6sungen f\u00fcr komplexe Projekte umgesetzt.","email":"eco-group@deutschebahn.com","legalName":"DB Engineering & Consulting GmbH, DB E.C.O Group","vatID":"DE 114 139 523","numberOfEmployees":{"@type":"QuantitativeValue","minValue":"5001","maxValue":"10000"}},{"@type":"Person","@id":"https:\/\/db-eco.com\/en\/#\/schema\/person\/ecd7d74fe4822613b3bb4cec3a811143","name":"Boglarka Mihaly","image":{"@type":"ImageObject","inLanguage":"en-US","@id":"https:\/\/secure.gravatar.com\/avatar\/0ecaf30e13847ad668da43e783b188af9b009781e2887e15014ff8a4f82e5651?s=96&d=mm&r=g","url":"https:\/\/secure.gravatar.com\/avatar\/0ecaf30e13847ad668da43e783b188af9b009781e2887e15014ff8a4f82e5651?s=96&d=mm&r=g","contentUrl":"https:\/\/secure.gravatar.com\/avatar\/0ecaf30e13847ad668da43e783b188af9b009781e2887e15014ff8a4f82e5651?s=96&d=mm&r=g","caption":"Boglarka Mihaly"}}]}},"dbec_featured_media":{"source_url":"https:\/\/db-eco.com\/wp-content\/uploads\/2024\/07\/jan-schneider-internationalizing-initial-vocational-training-300x225.jpg","source_set":"https:\/\/db-eco.com\/wp-content\/uploads\/2024\/07\/jan-schneider-internationalizing-initial-vocational-training-300x225.jpg 300w, https:\/\/db-eco.com\/wp-content\/uploads\/2024\/07\/jan-schneider-internationalizing-initial-vocational-training-1024x768.jpg 1024w, https:\/\/db-eco.com\/wp-content\/uploads\/2024\/07\/jan-schneider-internationalizing-initial-vocational-training-768x576.jpg 768w, https:\/\/db-eco.com\/wp-content\/uploads\/2024\/07\/jan-schneider-internationalizing-initial-vocational-training-520x390.jpg 520w, https:\/\/db-eco.com\/wp-content\/uploads\/2024\/07\/jan-schneider-internationalizing-initial-vocational-training-1280x960.jpg 1280w, https:\/\/db-eco.com\/wp-content\/uploads\/2024\/07\/jan-schneider-internationalizing-initial-vocational-training.jpg 1497w","caption":"DB Engineering & Consulting \/ Jan Schneider","alt":"Jan Schneider during his assignment abroad in Uruguay"},"post_views":4188,"_links":{"self":[{"href":"https:\/\/db-eco.com\/en\/wp-json\/wp\/v2\/posts\/6334","targetHints":{"allow":["GET"]}}],"collection":[{"href":"https:\/\/db-eco.com\/en\/wp-json\/wp\/v2\/posts"}],"about":[{"href":"https:\/\/db-eco.com\/en\/wp-json\/wp\/v2\/types\/post"}],"author":[{"embeddable":true,"href":"https:\/\/db-eco.com\/en\/wp-json\/wp\/v2\/users\/5"}],"replies":[{"embeddable":true,"href":"https:\/\/db-eco.com\/en\/wp-json\/wp\/v2\/comments?post=6334"}],"version-history":[{"count":28,"href":"https:\/\/db-eco.com\/en\/wp-json\/wp\/v2\/posts\/6334\/revisions"}],"predecessor-version":[{"id":7674,"href":"https:\/\/db-eco.com\/en\/wp-json\/wp\/v2\/posts\/6334\/revisions\/7674"}],"wp:featuredmedia":[{"embeddable":true,"href":"https:\/\/db-eco.com\/en\/wp-json\/wp\/v2\/media\/6340"}],"wp:attachment":[{"href":"https:\/\/db-eco.com\/en\/wp-json\/wp\/v2\/media?parent=6334"}],"wp:term":[{"taxonomy":"category","embeddable":true,"href":"https:\/\/db-eco.com\/en\/wp-json\/wp\/v2\/categories?post=6334"},{"taxonomy":"post_tag","embeddable":true,"href":"https:\/\/db-eco.com\/en\/wp-json\/wp\/v2\/tags?post=6334"}],"curies":[{"name":"wp","href":"https:\/\/api.w.org\/{rel}","templated":true}]}}