{"id":6287,"date":"2024-07-16T12:14:47","date_gmt":"2024-07-16T10:14:47","guid":{"rendered":"https:\/\/db-eco.com\/?p=6287"},"modified":"2025-05-07T01:09:48","modified_gmt":"2025-05-06T23:09:48","slug":"mit-der-db-e-c-o-group-in-die-welt-dualstudium-im-ausland","status":"publish","type":"post","link":"https:\/\/db-eco.com\/de\/aktuelles\/mit-der-db-e-c-o-group-in-die-welt-dualstudium-im-ausland\/","title":{"rendered":"Mit der DB E.C.O. Group in die Welt &#8211; Dualstudium im Ausland"},"content":{"rendered":"\n<div class=\"wp-block-dbec-core-layout-grid  layout-grid layout-grid--outer-margin-large layout-grid--expanded\"><div class=\"grid grid--child-margin-large\">\n<div class=\"wp-block-dbec-core-layout-column  column is-6-small is-6-medium column--expanded\"><div class=\"layout-column\"><nav class=\"breadcrumbs\"><div class=\"breadcrumbs__inner\"><a class=\"breadcrumbs__home\" href=\"https:\/\/db-eco.com\/de\/\" aria-label=\"Link Home\"><svg class=\"breadcrumbs__home-icon\"><use xlink:href=\"#home\"><\/use><\/svg><\/a> <svg class=\"breadcrumbs__delimiter\"><use xlink:href=\"#icon-arrow-right\"><\/use><\/svg> <a data-is-distributor=\"true\" href=\"https:\/\/db-eco.com\/de\/aktuelles\/\">Aktuelles<\/a> <svg class=\"breadcrumbs__delimiter\"><use xlink:href=\"#icon-arrow-right\"><\/use><\/svg><span class=\"breadcrumbs__actual-page\">Mit der DB E.C.O. Group in die Welt &#8211; Dualstudium im Ausland<\/span><\/div><\/nav><\/div><\/div>\n<\/div><\/div>\n\n\n\n<div class=\"wp-block-dbec-core-layout-grid  layout-grid layout-grid--outer-margin-small layout-grid--expanded\"><div class=\"grid grid--child-margin-small\">\n<div class=\"wp-block-dbec-core-layout-column  column is-6-small is-3-medium column--expanded\"><div class=\"layout-column\">\n<div class=\"wp-block-dbec-core-layout-text  wp-block-dbec-core-layout-text--expanded\"><div class=\"layout-column layout-column--text\"><div class=\"article-header\"><div class=\"article-header__tags\"><a class=\"tag\" href=\"https:\/\/db-eco.com\/de\/aktuelles\/?categories=2\">News<\/a><\/div><h1 class=\"article-header__headline\">Mit der DB E.C.O. Group in die Welt &#8211; Dualstudium im Ausland<\/h1><div class=\"article-header__date\">16.07.2024 &#8211; 12:14<\/div><\/div><\/div><\/div>\n\n\n\n<div class=\"wp-block-dbec-core-sub-headline\"><p class=\"sub-headline\">Jan Schneider ist dualer Student bei unserer Tochtergesellschaft, DB Engineering &amp; Consulting. Der 21-J\u00e4hrige ist Dual Studierender der Elektrotechnik und arbeitet bei der DB E&amp;C am Standort Braunschweig in der Planung f\u00fcr Leit- und Sicherungstechnik. <\/p><\/div>\n\n\n\n<div class=\"wp-block-dbec-core-figure\"><figure class=\"figure\"><div class=\"figure__inner\"><img decoding=\"async\" class=\"figure__image\" src=\"https:\/\/db-eco.com\/wp-content\/uploads\/2024\/07\/jan-schneider-internationalisierung-der-erstausbildung.jpg\" srcset=\"https:\/\/db-eco.com\/wp-content\/uploads\/2024\/07\/jan-schneider-internationalisierung-der-erstausbildung-300x225.jpg 300w, https:\/\/db-eco.com\/wp-content\/uploads\/2024\/07\/jan-schneider-internationalisierung-der-erstausbildung-1024x768.jpg 1024w, https:\/\/db-eco.com\/wp-content\/uploads\/2024\/07\/jan-schneider-internationalisierung-der-erstausbildung-150x150.jpg 150w, https:\/\/db-eco.com\/wp-content\/uploads\/2024\/07\/jan-schneider-internationalisierung-der-erstausbildung-768x576.jpg 768w, https:\/\/db-eco.com\/wp-content\/uploads\/2024\/07\/jan-schneider-internationalisierung-der-erstausbildung-520x390.jpg 520w, https:\/\/db-eco.com\/wp-content\/uploads\/2024\/07\/jan-schneider-internationalisierung-der-erstausbildung-768x576.jpg 768w, https:\/\/db-eco.com\/wp-content\/uploads\/2024\/07\/jan-schneider-internationalisierung-der-erstausbildung-1280x960.jpg 1280w\" alt=\"Foto von Jan Schneider w\u00e4hrend seines Auslandsaufenthalts in Uruguay; im Hintergrund seine Mitarbeitenden w\u00e4hrend der Arbeit an der Schiene\" width=\"1497\" height=\"1123\" loading=\"lazy\" sizes=\"auto, (min-width: 1330px) calc(((1200px - 35px * 5) * (3 \/ 6)) + (35px * (3 - 1))), (min-width: 768px) calc((((100vw - 130px) - 35px * 5) * (3 \/ 6)) + (35px * (3 - 1))), calc(100vw - 60px)\"\/><div class=\"enlarge-image\"><script data-name=\"style-options\" type=\"application\/json\">{\"closeButtonColor\":\"red\"}<\/script><template data-name=\"lightbox-content\"><div class=\"lightbox-image\"><div class=\"lightbox-image__image\" style=\"background-image:url(&quot;https:\/\/db-eco.com\/wp-content\/uploads\/2024\/07\/jan-schneider-internationalisierung-der-erstausbildung.jpg&quot;)\"><\/div><\/div><\/template><\/div><div class=\"label-reference\" data-image-reference=\"<p&gt;DB Engineering &#038; Consulting \/ Jan Schneider <\/p&gt;\n\"><\/div><\/div><\/figure><\/div>\n<\/div><\/div>\n\n\n\n<div class=\"wp-block-dbec-core-layout-column  column is-6-small is-2-medium is-offset-left-1-medium column--expanded\"><div class=\"layout-column\">\n<div class=\"wp-block-dbec-core-layout-text  wp-block-dbec-core-layout-text--expanded\"><div class=\"layout-column layout-column--text\"><div class=\"wp-block-dbec-core-social-sharing\"><div class=\"social-sharing\" data-subject=\"\" data-recipient=\"\" data-body=\"\"><span class=\"social-sharing__label\">Social Sharing<\/span><div class=\"social-sharing__links\"><a class=\"social-sharing__link social-sharing__link--linkedin\" href=\"\/\" target=\"_blank\" rel=\"noopener noreferrer\" aria-label=\"Link LinkedIn\"><svg class=\"social-sharing__icon\"><use xlink:href=\"#icon-linked-in\"\/><\/svg><\/a><a class=\"social-sharing__link social-sharing__link--mail\" href=\"\/\" target=\"_blank\" rel=\"noopener noreferrer\" aria-label=\"Link Mail\"><svg class=\"social-sharing__icon\"><use xlink:href=\"#icon-mail\"\/><\/svg><\/a><\/div><\/div><\/div><\/div><\/div>\n\n\n\n<div class=\"wp-block-dbec-core-layout-text  wp-block-dbec-core-layout-text--expanded\"><div class=\"layout-column layout-column--text\"><div class=\"contact-person\"><h3 class=\"contact-person__name\">DB E.C.O. Group<\/h3><div class=\"contact-person__position\">Team Marketing &#038; Kommunikation<\/div><div class=\"contact-person__address\">EUREF-Campus 14<br \/>\r\n10829 Berlin<br \/>\r\nDeutschland<\/div><a class=\"contact-person__link-communication\" href=\"mailto:marketing@db-eco.com\"><svg class=\"contact-person__icon-mail\"><use xlink:href=\"#icon-mail\"><\/use><\/svg><span>E-Mail<\/span><\/a><\/div><\/div><\/div>\n<\/div><\/div>\n<\/div><\/div>\n\n\n\n<div class=\"wp-block-dbec-core-layout-grid  layout-grid layout-grid--outer-margin-small layout-grid--expanded\"><div class=\"grid grid--child-margin-small\">\n<div class=\"wp-block-dbec-core-layout-column  column is-6-small is-6-medium column--expanded\"><div class=\"layout-column\">\n<div class=\"wp-block-dbec-core-layout-text  wp-block-dbec-core-layout-text--expanded\"><div class=\"layout-column layout-column--text\">\n<p>Zu den Hauptgr\u00fcnden f\u00fcr seine Bewerbung bei der Bahn geh\u00f6rten unter anderem der Aspekt der Nachhaltigkeit, aber auch die internationale Pr\u00e4senz der DB E.C.O. Group.<\/p>\n\n\n\n<p>Bereits zu Beginn seiner Ausbildung erfuhr er von der M\u00f6glichkeit, einen Teil seines Dualstudiums im Ausland zu absolvieren. Sofort war sein Interesse geweckt. Die Teilnahme an unserem Programm zum Arbeiten im Ausland war f\u00fcr ihn die logische Konsequenz. Wo er seinen Aufenthalt allerdings verbringen w\u00fcrde, war anfangs noch unklar. Dies h\u00e4ngt von den pers\u00f6nlichen Interessen, dem Ausbildungshintergrund und den Kapazit\u00e4ten der Auslandsabteilungen ab.&nbsp;&nbsp;<\/p>\n<\/div><\/div>\n<\/div><\/div>\n<\/div><\/div>\n\n\n\n<div class=\"wp-block-dbec-core-layout-grid  layout-grid layout-grid--outer-margin-small layout-grid--expanded\"><div class=\"grid grid--child-margin-small\">\n<div class=\"wp-block-dbec-core-layout-column  column is-6-small is-3-medium column--expanded\"><div class=\"layout-column\">\n<div class=\"wp-block-dbec-core-layout-text  wp-block-dbec-core-layout-text--expanded\"><div class=\"layout-column layout-column--text\">\n<p>Das Programm \u201eInternationalisierung der Erstausbildung\u201c er\u00f6ffnet Nachwuchskr\u00e4ften der <a href=\"https:\/\/db-engineering-consulting.com\/de\/\">DB Engineering &amp; Consulting<\/a> die M\u00f6glichkeit, in einer der internationalen Projektregionen t\u00e4tig zu werden. F\u00fcr den Auslandseinsatz k\u00f6nnen sich Dual Studierende und Auszubildende f\u00fcr einen Einsatzzeitraum von maximal drei Monaten bewerben. Das Programm zielt darauf ab, die berufliche und pers\u00f6nliche Weiterentwicklung der Nachwuchskr\u00e4fte zu f\u00f6rdern und gleichzeitig die Projekte zu unterst\u00fctzen. Seit der Einf\u00fchrung in 2022 waren bereits 49 Berufseinsteiger:innen Teil des Programms, darunter auch Jan Schneider.<\/p>\n\n\n\n<p>\u201eBei der Vorstellung des Programms hie\u00df es, dass man im Ausland schnell viel Verantwortung \u00fcbernehmen kann. F\u00fcr mich hat sich das sehr interessant angeh\u00f6rt. Ich bin ein Freund von Herausforderungen\u201c, sagt er. Zu diesem Zeitpunkt wusste er noch nicht, dass Uruguay sein Ziel sein w\u00fcrde. <\/p>\n<\/div><\/div>\n<\/div><\/div>\n\n\n\n<div class=\"wp-block-dbec-core-layout-column  column is-6-small is-3-medium column--expanded\"><div class=\"layout-column\">\n<div class=\"wp-block-dbec-core-figure\"><figure class=\"figure\"><div class=\"figure__inner\"><img decoding=\"async\" class=\"figure__image\" src=\"https:\/\/db-eco.com\/wp-content\/uploads\/2024\/07\/internationalisierung-der-erstausbildung-schweissarbeiten-in-uruguay.jpg\" srcset=\"https:\/\/db-eco.com\/wp-content\/uploads\/2024\/07\/internationalisierung-der-erstausbildung-schweissarbeiten-in-uruguay-300x225.jpg 300w, https:\/\/db-eco.com\/wp-content\/uploads\/2024\/07\/internationalisierung-der-erstausbildung-schweissarbeiten-in-uruguay-1024x768.jpg 1024w, https:\/\/db-eco.com\/wp-content\/uploads\/2024\/07\/internationalisierung-der-erstausbildung-schweissarbeiten-in-uruguay-150x150.jpg 150w, https:\/\/db-eco.com\/wp-content\/uploads\/2024\/07\/internationalisierung-der-erstausbildung-schweissarbeiten-in-uruguay-768x576.jpg 768w, https:\/\/db-eco.com\/wp-content\/uploads\/2024\/07\/internationalisierung-der-erstausbildung-schweissarbeiten-in-uruguay-520x390.jpg 520w, https:\/\/db-eco.com\/wp-content\/uploads\/2024\/07\/internationalisierung-der-erstausbildung-schweissarbeiten-in-uruguay-768x576.jpg 768w, https:\/\/db-eco.com\/wp-content\/uploads\/2024\/07\/internationalisierung-der-erstausbildung-schweissarbeiten-in-uruguay-1280x960.jpg 1280w\" alt=\"Mitarbeitende der DB E&amp;C w\u00e4hrend der Arbeit in Uruguay\" width=\"1500\" height=\"1125\" loading=\"lazy\" sizes=\"auto, (min-width: 1330px) calc(((1200px - 35px * 5) * (3 \/ 6)) + (35px * (3 - 1))), (min-width: 768px) calc((((100vw - 130px) - 35px * 5) * (3 \/ 6)) + (35px * (3 - 1))), calc(100vw - 60px)\"\/><div class=\"enlarge-image\"><script data-name=\"style-options\" type=\"application\/json\">{\"closeButtonColor\":\"red\"}<\/script><template data-name=\"lightbox-content\"><div class=\"lightbox-image\"><div class=\"lightbox-image__image\" style=\"background-image:url(&quot;https:\/\/db-eco.com\/wp-content\/uploads\/2024\/07\/internationalisierung-der-erstausbildung-schweissarbeiten-in-uruguay.jpg&quot;)\"><\/div><\/div><\/template><\/div><div class=\"label-reference\" data-image-reference=\"<p&gt;DB Engineering &#038; Consulting \/ Jan Schneider<\/p&gt;\n\"><\/div><\/div><\/figure><\/div>\n<\/div><\/div>\n<\/div><\/div>\n\n\n\n<div class=\"wp-block-dbec-core-layout-grid  layout-grid layout-grid--outer-margin-small layout-grid--expanded\"><div class=\"grid grid--child-margin-small\">\n<div class=\"wp-block-dbec-core-layout-column  column is-6-small is-6-medium column--expanded\"><div class=\"layout-column\">\n<div class=\"wp-block-dbec-core-layout-text  wp-block-dbec-core-layout-text--expanded\"><div class=\"layout-column layout-column--text\">\n<p>Wohin die Programmteilnehmer kommen, h\u00e4ngt von ihren eigenen Interessen und ihrem Bildungshintergrund ab \u2013 aber vor allem von den Bed\u00fcrfnissen der Abteilungen im Ausland. Das kleine s\u00fcdamerikanische Land erwies sich als perfekte Wahl f\u00fcr Jan. Die praktische Arbeit und die Hands-on-Mentalit\u00e4t dort erg\u00e4nzten sein Studium und seine Arbeit in Deutschland optimal.<\/p>\n\n\n\n<p>Anfang dieses Jahres war es schlie\u00dflich so weit: Jan reiste nach Uruguay. Diesen Schritt kann er nun allen Nachwuchskr\u00e4ften nur ans Herz legen.&nbsp;&nbsp;<\/p>\n\n\n\n<p>In Uruguay unterst\u00fctzte Jan etwa drei Monate lang ein Team, das f\u00fcr den finnischen Papierproduzenten UPM t\u00e4tig ist. In Paso de los Toros betreibt UPM ein neues Zellstoffwerk, dessen Material k\u00fcnftig per Bahn zum Hafen in Montevideo transportiert wird. Um dies zu gew\u00e4hrleisten, musste die Hauptlinie erneuert werden, was die DB E&amp;C durch Services in den Bereichen <a href=\"https:\/\/db-engineering-consulting.com\/de\/produktportfolio\/bauueberwachung\/\">Bau\u00fcberwachung <\/a> und <a href=\"https:\/\/db-engineering-consulting.com\/de\/produktportfolio\/consulting\/mobilitats-und-logistikberatung\/\">Consulting<\/a> unterst\u00fctzte. Dar\u00fcber hinaus \u00fcbernimmt unsere Tochtergesellschaft, <a href=\"https:\/\/db-engineering-consulting.com\/de\/produktportfolio\/bauueberwachung\/\">DB International Operations<\/a>, die Verantwortung f\u00fcr die<a href=\"https:\/\/db-eco.com\/de\/eine-neue-aera-fuer-den-schienengueterverkehr-in-uruguay\/\"> Modernisierung, den Betrieb sowie die Instandhaltung der 273 Kilometer langen Hauptlinie<\/a>. Diese ist Teil eines umfangreichen staatlichen Investitionsprogramms und soll in Zukunft den Transport von j\u00e4hrlich zwei Millionen Tonnen Zellstoff per Bahn erm\u00f6glichen.<\/p>\n<\/div><\/div>\n<\/div><\/div>\n\n\n\n<div class=\"wp-block-dbec-core-layout-column  column is-6-small is-3-medium column--expanded\"><div class=\"layout-column\">\n<div class=\"wp-block-dbec-core-figure\"><figure class=\"figure\"><div class=\"figure__inner\"><img decoding=\"async\" class=\"figure__image\" src=\"https:\/\/db-eco.com\/wp-content\/uploads\/2024\/07\/internationalisierung-der-erstausbildung-drohnenaufnahme.jpg\" srcset=\"https:\/\/db-eco.com\/wp-content\/uploads\/2024\/07\/internationalisierung-der-erstausbildung-drohnenaufnahme-300x225.jpg 300w, https:\/\/db-eco.com\/wp-content\/uploads\/2024\/07\/internationalisierung-der-erstausbildung-drohnenaufnahme-1024x768.jpg 1024w, https:\/\/db-eco.com\/wp-content\/uploads\/2024\/07\/internationalisierung-der-erstausbildung-drohnenaufnahme-150x150.jpg 150w, https:\/\/db-eco.com\/wp-content\/uploads\/2024\/07\/internationalisierung-der-erstausbildung-drohnenaufnahme-768x576.jpg 768w, https:\/\/db-eco.com\/wp-content\/uploads\/2024\/07\/internationalisierung-der-erstausbildung-drohnenaufnahme-520x390.jpg 520w, https:\/\/db-eco.com\/wp-content\/uploads\/2024\/07\/internationalisierung-der-erstausbildung-drohnenaufnahme-768x576.jpg 768w, https:\/\/db-eco.com\/wp-content\/uploads\/2024\/07\/internationalisierung-der-erstausbildung-drohnenaufnahme-1280x960.jpg 1280w\" alt=\"Dualstudium im Ausland - Drohnenaufnahme von Streckenabschnitt in Uruguay\" width=\"1500\" height=\"1125\" loading=\"lazy\" sizes=\"auto, (min-width: 1330px) calc(((1200px - 35px * 5) * (3 \/ 6)) + (35px * (3 - 1))), (min-width: 768px) calc((((100vw - 130px) - 35px * 5) * (3 \/ 6)) + (35px * (3 - 1))), calc(100vw - 60px)\"\/><div class=\"enlarge-image\"><script data-name=\"style-options\" type=\"application\/json\">{\"closeButtonColor\":\"red\"}<\/script><template data-name=\"lightbox-content\"><div class=\"lightbox-image\"><div class=\"lightbox-image__image\" style=\"background-image:url(&quot;https:\/\/db-eco.com\/wp-content\/uploads\/2024\/07\/internationalisierung-der-erstausbildung-drohnenaufnahme.jpg&quot;)\"><\/div><\/div><\/template><\/div><div class=\"label-reference\" data-image-reference=\"<p&gt;DB Engineering &#038; Consulting \/ Jan Schneider<\/p&gt;\n\"><\/div><\/div><\/figure><\/div>\n<\/div><\/div>\n\n\n\n<div class=\"wp-block-dbec-core-layout-column  column is-6-small is-3-medium column--expanded\"><div class=\"layout-column\">\n<div class=\"wp-block-dbec-core-layout-text  wp-block-dbec-core-layout-text--expanded\"><div class=\"layout-column layout-column--text\">\n<p>Dies macht Uruguay zu einem DB E.C.O. Group-Standort, an dem Jan besonders viele Eindr\u00fccke sammeln kann. Zusammen mit seinen Kolleg:innen dokumentierte er den Fortschritt sowie M\u00e4ngel und Sch\u00e4den entlang der gesamten Strecke, die anschlie\u00dfend an den Kunden weitergeleitet wurden. Diese Arbeit war neu f\u00fcr ihn: Weniger Zeit am Laptop, mehr Kundenkontakt und diverse unterschiedliche Perspektiven, die zum Teil hart verhandelt werden m\u00fcssen.&nbsp;&nbsp;<\/p>\n\n\n\n<p>Jan beh\u00e4lt sein Dualstudium im Ausland in gro\u00dfartiger Erinnerung. Diese Herausforderung anzugehen habe sich sehr gelohnt: \u201eDas war das Beste, was ich machen konnte\u201c, sagt er. \u201eWirklich auf der Baustelle zu sein und die praktische Umsetzung dessen zu sehen, was man am Computer plant, war eine tolle Erfahrung. Und ich habe viele erfahrene Leute getroffen und viel gelernt.\u201c&nbsp;&nbsp;<\/p>\n\n\n\n<p>F\u00fcr Jan war die Zeit in Montevideo eine Erfahrung, die er allen Nachwuchskr\u00e4ften der DB E&amp;C nur w\u00e4rmstens empfehlen kann.&nbsp;<\/p>\n<\/div><\/div>\n<\/div><\/div>\n<\/div><\/div>\n\n\n\n<div class=\"wp-block-dbec-core-layout-grid  layout-grid layout-grid--outer-margin-large layout-grid--expanded\"><div class=\"grid grid--child-margin-small\">\n<div class=\"wp-block-dbec-core-layout-column  column is-6-small is-6-medium column--expanded\"><div class=\"layout-column\">\n<div class=\"wp-block-dbec-core-layout-linked-items  wp-block-dbec-core-layout-linked-items--expanded\"><section class=\"layout-linked-items\"><div class=\"layout-linked-items__header\"><div class=\"grid\"><div class=\"column is-6-small is-3-medium\"><h2 class=\"layout-linked-items__headline\">Weitere News<\/h2><\/div><div class=\"column is-6-small is-3-medium\"><div class=\"layout-linked-items__wrapper-link layout-linked-items__wrapper-link--top\"><a class=\"layout-linked-items__link\" href=\"https:\/\/db-eco.com\/de\/news\/\" target=\"_self\" rel=\"noopener noreferrer\">Zur\u00fcck zur \u00dcbersicht <\/a><\/div><\/div><\/div><\/div><div class=\"layout-linked-items__inner\"><div class=\"news\"><div class=\"news__item\"><a class=\"base-card\" href=\"https:\/\/db-eco.com\/de\/aktuelles\/symposium-zum-schienenverkehr-in-kolumbien-lernen-aus-der-deutschen-eisenbahnerfahrung\/\"><figure class=\"base-card__figure\"><img loading=\"lazy\" decoding=\"async\" width=\"768\" height=\"381\" src=\"https:\/\/db-eco.com\/wp-content\/uploads\/2024\/02\/symposium_sprecher-e1708416191694-768x381.png\" class=\"base-card__image wp-post-image\" alt=\"Gruppenfoto der geladenen G\u00e4ste auf dem Symposium\" sizes=\"auto, (min-width: 1330px) calc(((1200px - 35px * 5) * (2 \/ 6)) + (35px * (2 - 1))), (min-width: 1024px) calc((((100vw - 130px) - 35px * 5) * (2 \/ 6)) + (35px * (2 - 1))), (min-width: 768px) calc((((100vw - 130px) - 35px * 5) * (3 \/ 6)) + (35px * (3 - 1))), calc(100vw - 60px)\" srcset=\"https:\/\/db-eco.com\/wp-content\/uploads\/2024\/02\/symposium_sprecher-e1708416191694-768x381.png 768w, https:\/\/db-eco.com\/wp-content\/uploads\/2024\/02\/symposium_sprecher-e1708416191694-300x149.png 300w, https:\/\/db-eco.com\/wp-content\/uploads\/2024\/02\/symposium_sprecher-e1708416191694-1024x508.png 1024w, https:\/\/db-eco.com\/wp-content\/uploads\/2024\/02\/symposium_sprecher-e1708416191694-1536x762.png 1536w, https:\/\/db-eco.com\/wp-content\/uploads\/2024\/02\/symposium_sprecher-e1708416191694-2048x1017.png 2048w, https:\/\/db-eco.com\/wp-content\/uploads\/2024\/02\/symposium_sprecher-e1708416191694-520x258.png 520w, https:\/\/db-eco.com\/wp-content\/uploads\/2024\/02\/symposium_sprecher-e1708416191694-1280x635.png 1280w, https:\/\/db-eco.com\/wp-content\/uploads\/2024\/02\/symposium_sprecher-e1708416191694-1920x953.png 1920w\" \/><div class=\"label-reference\" data-image-reference=\"Deutsch-Kolumbianische Industrie- und Handelskammer (AHK)\"><\/div><\/figure><h3 class=\"base-card__title\">Symposium zum Schienenverkehr in Kolumbien: Lernen aus der deutschen Eisenbahnerfahrung<\/h3><div class=\"base-card__date\">Februar 21, 2024<\/div><div class=\"base-card__copy\">Am 13. Februar hatten wir das Vergn\u00fcgen, das erste Symposium zum Eisenbahnverkehr in Kolumbien unter dem Motto &#8220;Lessons Learned from the German Railway Experience for Colombia&#8221; in der Hauptstadt Bogota mitzugestalten.<\/div><\/a><\/div><div class=\"news__item\"><a class=\"base-card\" href=\"https:\/\/db-eco.com\/de\/aktuelles\/berufliche-weiterentwicklung-in-der-db-e-c-o-group\/\"><figure class=\"base-card__figure\"><img loading=\"lazy\" decoding=\"async\" width=\"768\" height=\"512\" src=\"https:\/\/db-eco.com\/wp-content\/uploads\/2024\/01\/KarriereDBE.C.O._Felipe-Urrego_Camara-Lucida-768x512.jpeg\" class=\"base-card__image wp-post-image\" alt=\"Luis Felipe Urrego on a balcony\" sizes=\"auto, (min-width: 1330px) calc(((1200px - 35px * 5) * (2 \/ 6)) + (35px * (2 - 1))), (min-width: 1024px) calc((((100vw - 130px) - 35px * 5) * (2 \/ 6)) + (35px * (2 - 1))), (min-width: 768px) calc((((100vw - 130px) - 35px * 5) * (3 \/ 6)) + (35px * (3 - 1))), calc(100vw - 60px)\" srcset=\"https:\/\/db-eco.com\/wp-content\/uploads\/2024\/01\/KarriereDBE.C.O._Felipe-Urrego_Camara-Lucida-768x512.jpeg 768w, https:\/\/db-eco.com\/wp-content\/uploads\/2024\/01\/KarriereDBE.C.O._Felipe-Urrego_Camara-Lucida-300x200.jpeg 300w, https:\/\/db-eco.com\/wp-content\/uploads\/2024\/01\/KarriereDBE.C.O._Felipe-Urrego_Camara-Lucida-520x347.jpeg 520w, https:\/\/db-eco.com\/wp-content\/uploads\/2024\/01\/KarriereDBE.C.O._Felipe-Urrego_Camara-Lucida.jpeg 1024w\" \/><div class=\"label-reference\" data-image-reference=\"Camara Lucida\"><\/div><\/figure><h3 class=\"base-card__title\">Berufliche Weiterentwicklung innerhalb der DB E.C.O. Group<\/h3><div class=\"base-card__date\">Januar 18, 2024<\/div><div class=\"base-card__copy\">Einer der zentralen Eckpfeiler des Erfolgs der DB E.C.O. Group ist unser Team. Erst unsere engagierten und erfahrenen Mitarbeitenden erm\u00f6glichen es uns, die Verkehrswende global umzusetzen. <\/div><\/a><\/div><div class=\"news__item\"><a class=\"base-card\" href=\"https:\/\/db-eco.com\/de\/aktuelles\/eine-neue-aera-fuer-den-schienengueterverkehr-in-uruguay\/\"><figure class=\"base-card__figure\"><img loading=\"lazy\" decoding=\"async\" width=\"768\" height=\"491\" src=\"https:\/\/db-eco.com\/wp-content\/uploads\/2022\/03\/Falero_NW-Zuschnitt-768x491.jpg\" class=\"base-card__image wp-post-image\" alt=\"Der uruguayische Transportminister Jos\u00e9 Luis Falero (links) und Niko Warbanoff, Vorsitzender der DB E.C.O. Group (rechts), trafen sich zum Baubeginn f\u00fcr ein neues Betriebs- und Instandhaltungswerk in Juanico, Department Canelones, Uruguay.\" sizes=\"auto, (min-width: 1330px) calc(((1200px - 35px * 5) * (2 \/ 6)) + (35px * (2 - 1))), (min-width: 1024px) calc((((100vw - 130px) - 35px * 5) * (2 \/ 6)) + (35px * (2 - 1))), (min-width: 768px) calc((((100vw - 130px) - 35px * 5) * (3 \/ 6)) + (35px * (3 - 1))), calc(100vw - 60px)\" srcset=\"https:\/\/db-eco.com\/wp-content\/uploads\/2022\/03\/Falero_NW-Zuschnitt-768x491.jpg 768w, https:\/\/db-eco.com\/wp-content\/uploads\/2022\/03\/Falero_NW-Zuschnitt-300x192.jpg 300w, https:\/\/db-eco.com\/wp-content\/uploads\/2022\/03\/Falero_NW-Zuschnitt-1024x654.jpg 1024w, https:\/\/db-eco.com\/wp-content\/uploads\/2022\/03\/Falero_NW-Zuschnitt-1536x981.jpg 1536w, https:\/\/db-eco.com\/wp-content\/uploads\/2022\/03\/Falero_NW-Zuschnitt-2048x1308.jpg 2048w, https:\/\/db-eco.com\/wp-content\/uploads\/2022\/03\/Falero_NW-Zuschnitt-520x332.jpg 520w, https:\/\/db-eco.com\/wp-content\/uploads\/2022\/03\/Falero_NW-Zuschnitt-1280x818.jpg 1280w\" \/><div class=\"label-reference\" data-image-reference=\"DB E.C.O. Group \/ Natalie Kendzia\"><\/div><\/figure><h3 class=\"base-card__title\">Eine neue \u00c4ra f\u00fcr den Schieneng\u00fcterverkehr in Uruguay<\/h3><div class=\"base-card__date\">M\u00e4rz 18, 2022<\/div><div class=\"base-card__copy\">Das Konsortium DBCC Transport unter der Leitung von Deutsche Bahn International Operations wurde mit der Modernisierung und dem Betrieb einer G\u00fcterverkehrstrecke in Uruguay beauftragt. Niko Warbanoff, Vorsitzender der DB E.C.O. Group, hat sich vor Ort ein Bild gemacht.<\/div><\/a><\/div><\/div><\/div><div class=\"layout-linked-items__wrapper-link layout-linked-items__wrapper-link--bottom\"><a class=\"layout-linked-items__link\" href=\"https:\/\/db-eco.com\/de\/news\/\" target=\"_self\" rel=\"noopener noreferrer\">Zur\u00fcck zur \u00dcbersicht <\/a><\/div><\/section><\/div>\n<\/div><\/div>\n<\/div><\/div>\n","protected":false},"excerpt":{"rendered":"<p>Jan Schneider ist dualer Student bei unserer Tochtergesellschaft, DB Engineering &#038; Consulting. Der 21-J\u00e4hrige ist Dual Studierender der Elektrotechnik und arbeitet bei der DB E&#038;C am Standort Braunschweig in der Planung f\u00fcr Leit- und Sicherungstechnik. <\/p>\n","protected":false},"author":5,"featured_media":6307,"comment_status":"closed","ping_status":"closed","sticky":false,"template":"","format":"standard","meta":{"allow-other-domains":"1"},"categories":[2],"tags":[460,401,400,94,459,461],"class_list":["post-6287","post","type-post","status-publish","format-standard","has-post-thumbnail","hentry","category-news","tag-auslandseinsatz","tag-db-e-c-o-group","tag-db-ec","tag-db-engineering-consulting","tag-internationalisierung-der-erstausbildung","tag-uruguay-2"],"yoast_head":"<!-- This site is optimized with the Yoast SEO Premium plugin v26.1 (Yoast SEO v27.4) - https:\/\/yoast.com\/product\/yoast-seo-premium-wordpress\/ -->\n<title>Mit der DB E.C.O. Group in die Welt \u2013 Dualstudium im Ausland<\/title>\n<meta name=\"description\" content=\"Im Rahmen des Programms &quot;Internationalisierung der Erstausbildung&quot;, berichtet Jan von seinem Dualstudium im Ausland. Lesen Sie mehr!\" \/>\n<meta name=\"robots\" content=\"index, follow, max-snippet:-1, max-image-preview:large, max-video-preview:-1\" \/>\n<link rel=\"canonical\" href=\"https:\/\/db-eco.com\/de\/aktuelles\/mit-der-db-e-c-o-group-in-die-welt-dualstudium-im-ausland\/\" \/>\n<meta property=\"og:locale\" content=\"de_DE\" \/>\n<meta property=\"og:type\" content=\"article\" \/>\n<meta property=\"og:title\" content=\"Mit der DB E.C.O. Group in die Welt - Dualstudium im Ausland\" \/>\n<meta property=\"og:description\" content=\"Im Rahmen des Programms &quot;Internationalisierung der Erstausbildung&quot;, berichtet Jan von seinem Dualstudium im Ausland. Lesen Sie mehr!\" \/>\n<meta property=\"og:url\" content=\"https:\/\/db-eco.com\/de\/aktuelles\/mit-der-db-e-c-o-group-in-die-welt-dualstudium-im-ausland\/\" \/>\n<meta property=\"og:site_name\" content=\"DB ECO\" \/>\n<meta property=\"article:published_time\" content=\"2024-07-16T10:14:47+00:00\" \/>\n<meta property=\"article:modified_time\" content=\"2025-05-06T23:09:48+00:00\" \/>\n<meta property=\"og:image\" content=\"https:\/\/db-eco.com\/wp-content\/uploads\/2024\/07\/jan-schneider-internationalisierung-der-erstausbildung.jpg\" \/>\n\t<meta property=\"og:image:width\" content=\"1497\" \/>\n\t<meta property=\"og:image:height\" content=\"1123\" \/>\n\t<meta property=\"og:image:type\" content=\"image\/jpeg\" \/>\n<meta name=\"author\" content=\"Boglarka Mihaly\" \/>\n<meta name=\"twitter:card\" content=\"summary_large_image\" \/>\n<meta name=\"twitter:label1\" content=\"Verfasst von\" \/>\n\t<meta name=\"twitter:data1\" content=\"Boglarka Mihaly\" \/>\n\t<meta name=\"twitter:label2\" content=\"Gesch\u00e4tzte Lesezeit\" \/>\n\t<meta name=\"twitter:data2\" content=\"5\u00a0Minuten\" \/>\n<script type=\"application\/ld+json\" class=\"yoast-schema-graph\">{\"@context\":\"https:\\\/\\\/schema.org\",\"@graph\":[{\"@type\":\"Article\",\"@id\":\"https:\\\/\\\/db-eco.com\\\/de\\\/aktuelles\\\/mit-der-db-e-c-o-group-in-die-welt-dualstudium-im-ausland\\\/#article\",\"isPartOf\":{\"@id\":\"https:\\\/\\\/db-eco.com\\\/de\\\/aktuelles\\\/mit-der-db-e-c-o-group-in-die-welt-dualstudium-im-ausland\\\/\"},\"author\":{\"name\":\"Boglarka Mihaly\",\"@id\":\"https:\\\/\\\/db-eco.com\\\/de\\\/#\\\/schema\\\/person\\\/ecd7d74fe4822613b3bb4cec3a811143\"},\"headline\":\"Mit der DB E.C.O. Group in die Welt &#8211; Dualstudium im Ausland\",\"datePublished\":\"2024-07-16T10:14:47+00:00\",\"dateModified\":\"2025-05-06T23:09:48+00:00\",\"mainEntityOfPage\":{\"@id\":\"https:\\\/\\\/db-eco.com\\\/de\\\/aktuelles\\\/mit-der-db-e-c-o-group-in-die-welt-dualstudium-im-ausland\\\/\"},\"wordCount\":661,\"publisher\":{\"@id\":\"https:\\\/\\\/db-eco.com\\\/de\\\/#organization\"},\"image\":{\"@id\":\"https:\\\/\\\/db-eco.com\\\/de\\\/aktuelles\\\/mit-der-db-e-c-o-group-in-die-welt-dualstudium-im-ausland\\\/#primaryimage\"},\"thumbnailUrl\":\"https:\\\/\\\/db-eco.com\\\/wp-content\\\/uploads\\\/2024\\\/07\\\/jan-schneider-internationalisierung-der-erstausbildung.jpg\",\"keywords\":[\"Auslandseinsatz\",\"DB e.c.o. group\",\"db e&amp;c\",\"db engineering &amp; consulting\",\"Internationalisierung der Erstausbildung\",\"Uruguay\"],\"articleSection\":[\"News\"],\"inLanguage\":\"de\"},{\"@type\":\"WebPage\",\"@id\":\"https:\\\/\\\/db-eco.com\\\/de\\\/aktuelles\\\/mit-der-db-e-c-o-group-in-die-welt-dualstudium-im-ausland\\\/\",\"url\":\"https:\\\/\\\/db-eco.com\\\/de\\\/aktuelles\\\/mit-der-db-e-c-o-group-in-die-welt-dualstudium-im-ausland\\\/\",\"name\":\"Mit der DB E.C.O. Group in die Welt \u2013 Dualstudium im Ausland\",\"isPartOf\":{\"@id\":\"https:\\\/\\\/db-eco.com\\\/de\\\/#website\"},\"primaryImageOfPage\":{\"@id\":\"https:\\\/\\\/db-eco.com\\\/de\\\/aktuelles\\\/mit-der-db-e-c-o-group-in-die-welt-dualstudium-im-ausland\\\/#primaryimage\"},\"image\":{\"@id\":\"https:\\\/\\\/db-eco.com\\\/de\\\/aktuelles\\\/mit-der-db-e-c-o-group-in-die-welt-dualstudium-im-ausland\\\/#primaryimage\"},\"thumbnailUrl\":\"https:\\\/\\\/db-eco.com\\\/wp-content\\\/uploads\\\/2024\\\/07\\\/jan-schneider-internationalisierung-der-erstausbildung.jpg\",\"datePublished\":\"2024-07-16T10:14:47+00:00\",\"dateModified\":\"2025-05-06T23:09:48+00:00\",\"description\":\"Im Rahmen des Programms \\\"Internationalisierung der Erstausbildung\\\", berichtet Jan von seinem Dualstudium im Ausland. Lesen Sie mehr!\",\"breadcrumb\":{\"@id\":\"https:\\\/\\\/db-eco.com\\\/de\\\/aktuelles\\\/mit-der-db-e-c-o-group-in-die-welt-dualstudium-im-ausland\\\/#breadcrumb\"},\"inLanguage\":\"de\",\"potentialAction\":[{\"@type\":\"ReadAction\",\"target\":[\"https:\\\/\\\/db-eco.com\\\/de\\\/aktuelles\\\/mit-der-db-e-c-o-group-in-die-welt-dualstudium-im-ausland\\\/\"]}]},{\"@type\":\"ImageObject\",\"inLanguage\":\"de\",\"@id\":\"https:\\\/\\\/db-eco.com\\\/de\\\/aktuelles\\\/mit-der-db-e-c-o-group-in-die-welt-dualstudium-im-ausland\\\/#primaryimage\",\"url\":\"https:\\\/\\\/db-eco.com\\\/wp-content\\\/uploads\\\/2024\\\/07\\\/jan-schneider-internationalisierung-der-erstausbildung.jpg\",\"contentUrl\":\"https:\\\/\\\/db-eco.com\\\/wp-content\\\/uploads\\\/2024\\\/07\\\/jan-schneider-internationalisierung-der-erstausbildung.jpg\",\"width\":1497,\"height\":1123,\"caption\":\"DB Engineering & Consulting \\\/ Jan Schneider\"},{\"@type\":\"BreadcrumbList\",\"@id\":\"https:\\\/\\\/db-eco.com\\\/de\\\/aktuelles\\\/mit-der-db-e-c-o-group-in-die-welt-dualstudium-im-ausland\\\/#breadcrumb\",\"itemListElement\":[{\"@type\":\"ListItem\",\"position\":1,\"name\":\"Home\",\"item\":\"https:\\\/\\\/db-eco.com\\\/de\\\/\"},{\"@type\":\"ListItem\",\"position\":2,\"name\":\"Mit der DB E.C.O. Group in die Welt &#8211; Dualstudium im Ausland\"}]},{\"@type\":\"WebSite\",\"@id\":\"https:\\\/\\\/db-eco.com\\\/de\\\/#website\",\"url\":\"https:\\\/\\\/db-eco.com\\\/de\\\/\",\"name\":\"DB ECO\",\"description\":\"Part of DB E.C.O. Group\",\"publisher\":{\"@id\":\"https:\\\/\\\/db-eco.com\\\/de\\\/#organization\"},\"potentialAction\":[{\"@type\":\"SearchAction\",\"target\":{\"@type\":\"EntryPoint\",\"urlTemplate\":\"https:\\\/\\\/db-eco.com\\\/de\\\/?s={search_term_string}\"},\"query-input\":{\"@type\":\"PropertyValueSpecification\",\"valueRequired\":true,\"valueName\":\"search_term_string\"}}],\"inLanguage\":\"de\"},{\"@type\":\"Organization\",\"@id\":\"https:\\\/\\\/db-eco.com\\\/de\\\/#organization\",\"name\":\"DB E.C.O. Group\",\"url\":\"https:\\\/\\\/db-eco.com\\\/de\\\/\",\"logo\":{\"@type\":\"ImageObject\",\"inLanguage\":\"de\",\"@id\":\"https:\\\/\\\/db-eco.com\\\/de\\\/#\\\/schema\\\/logo\\\/image\\\/\",\"url\":\"https:\\\/\\\/db-eco.com\\\/wp-content\\\/uploads\\\/2022\\\/10\\\/Logo_DB-ECO-Group_310x69.jpg\",\"contentUrl\":\"https:\\\/\\\/db-eco.com\\\/wp-content\\\/uploads\\\/2022\\\/10\\\/Logo_DB-ECO-Group_310x69.jpg\",\"width\":310,\"height\":69,\"caption\":\"DB E.C.O. Group\"},\"image\":{\"@id\":\"https:\\\/\\\/db-eco.com\\\/de\\\/#\\\/schema\\\/logo\\\/image\\\/\"},\"sameAs\":[\"https:\\\/\\\/www.linkedin.com\\\/company\\\/db-e-c-o-group\\\/\"],\"description\":\"Die DB E.C.O. Group setzt sich aus DB Engineering & Consulting, Deutsche Bahn International Operations, infraView, ESE Engineering und Software-Entwicklung, inno2grid sowie weiteren lokalen Gesellschaften, Tochterunternehmen und internationalen Beteiligungen zusammen. Das geb\u00fcndelte Fachwissen der Deutschen Bahn in den Bereichen Engineering, Consulting und Betrieb bildet die Grundlage f\u00fcr die umfassende Infrastrukturkompetenz der Gruppe. Diese Expertise ist integraler Bestandteil aller Leistungen und erm\u00f6glicht die Entwicklung innovativer und nachhaltiger L\u00f6sungen f\u00fcr die Mobilit\u00e4t der Zukunft. Seit Ende 2019 verbindet die B E.C.O. Group ihre fundierte Systemkenntnis des integrierten Schienenverkehrs mit digitalen Technologien entlang der gesamten Wertsch\u00f6pfungskette. Als Full-Service-Dienstleister mit \u00fcber 8.200 Mitarbeitenden aus 90 Nationen bietet das Unternehmen ein zukunftsorientiertes Leistungsportfolio und leistet zugleich einen aktiven Beitrag zum Umwelt- und Klimaschutz. In enger Zusammenarbeit mit Gesch\u00e4ftspartnern werden zuverl\u00e4ssige und wirtschaftliche L\u00f6sungen f\u00fcr komplexe Projekte umgesetzt.\",\"email\":\"eco-group@deutschebahn.com\",\"legalName\":\"DB Engineering & Consulting GmbH, DB E.C.O Group\",\"vatID\":\"DE 114 139 523\",\"numberOfEmployees\":{\"@type\":\"QuantitativeValue\",\"minValue\":\"5001\",\"maxValue\":\"10000\"}},{\"@type\":\"Person\",\"@id\":\"https:\\\/\\\/db-eco.com\\\/de\\\/#\\\/schema\\\/person\\\/ecd7d74fe4822613b3bb4cec3a811143\",\"name\":\"Boglarka Mihaly\",\"image\":{\"@type\":\"ImageObject\",\"inLanguage\":\"de\",\"@id\":\"https:\\\/\\\/secure.gravatar.com\\\/avatar\\\/0ecaf30e13847ad668da43e783b188af9b009781e2887e15014ff8a4f82e5651?s=96&d=mm&r=g\",\"url\":\"https:\\\/\\\/secure.gravatar.com\\\/avatar\\\/0ecaf30e13847ad668da43e783b188af9b009781e2887e15014ff8a4f82e5651?s=96&d=mm&r=g\",\"contentUrl\":\"https:\\\/\\\/secure.gravatar.com\\\/avatar\\\/0ecaf30e13847ad668da43e783b188af9b009781e2887e15014ff8a4f82e5651?s=96&d=mm&r=g\",\"caption\":\"Boglarka Mihaly\"}}]}<\/script>\n<!-- \/ Yoast SEO Premium plugin. -->","yoast_head_json":{"title":"Mit der DB E.C.O. Group in die Welt \u2013 Dualstudium im Ausland","description":"Im Rahmen des Programms \"Internationalisierung der Erstausbildung\", berichtet Jan von seinem Dualstudium im Ausland. Lesen Sie mehr!","robots":{"index":"index","follow":"follow","max-snippet":"max-snippet:-1","max-image-preview":"max-image-preview:large","max-video-preview":"max-video-preview:-1"},"canonical":"https:\/\/db-eco.com\/de\/aktuelles\/mit-der-db-e-c-o-group-in-die-welt-dualstudium-im-ausland\/","og_locale":"de_DE","og_type":"article","og_title":"Mit der DB E.C.O. Group in die Welt - Dualstudium im Ausland","og_description":"Im Rahmen des Programms \"Internationalisierung der Erstausbildung\", berichtet Jan von seinem Dualstudium im Ausland. Lesen Sie mehr!","og_url":"https:\/\/db-eco.com\/de\/aktuelles\/mit-der-db-e-c-o-group-in-die-welt-dualstudium-im-ausland\/","og_site_name":"DB ECO","article_published_time":"2024-07-16T10:14:47+00:00","article_modified_time":"2025-05-06T23:09:48+00:00","og_image":[{"width":1497,"height":1123,"url":"https:\/\/db-eco.com\/wp-content\/uploads\/2024\/07\/jan-schneider-internationalisierung-der-erstausbildung.jpg","type":"image\/jpeg"}],"author":"Boglarka Mihaly","twitter_card":"summary_large_image","twitter_misc":{"Verfasst von":"Boglarka Mihaly","Gesch\u00e4tzte Lesezeit":"5\u00a0Minuten"},"schema":{"@context":"https:\/\/schema.org","@graph":[{"@type":"Article","@id":"https:\/\/db-eco.com\/de\/aktuelles\/mit-der-db-e-c-o-group-in-die-welt-dualstudium-im-ausland\/#article","isPartOf":{"@id":"https:\/\/db-eco.com\/de\/aktuelles\/mit-der-db-e-c-o-group-in-die-welt-dualstudium-im-ausland\/"},"author":{"name":"Boglarka Mihaly","@id":"https:\/\/db-eco.com\/de\/#\/schema\/person\/ecd7d74fe4822613b3bb4cec3a811143"},"headline":"Mit der DB E.C.O. Group in die Welt &#8211; Dualstudium im Ausland","datePublished":"2024-07-16T10:14:47+00:00","dateModified":"2025-05-06T23:09:48+00:00","mainEntityOfPage":{"@id":"https:\/\/db-eco.com\/de\/aktuelles\/mit-der-db-e-c-o-group-in-die-welt-dualstudium-im-ausland\/"},"wordCount":661,"publisher":{"@id":"https:\/\/db-eco.com\/de\/#organization"},"image":{"@id":"https:\/\/db-eco.com\/de\/aktuelles\/mit-der-db-e-c-o-group-in-die-welt-dualstudium-im-ausland\/#primaryimage"},"thumbnailUrl":"https:\/\/db-eco.com\/wp-content\/uploads\/2024\/07\/jan-schneider-internationalisierung-der-erstausbildung.jpg","keywords":["Auslandseinsatz","DB e.c.o. group","db e&amp;c","db engineering &amp; consulting","Internationalisierung der Erstausbildung","Uruguay"],"articleSection":["News"],"inLanguage":"de"},{"@type":"WebPage","@id":"https:\/\/db-eco.com\/de\/aktuelles\/mit-der-db-e-c-o-group-in-die-welt-dualstudium-im-ausland\/","url":"https:\/\/db-eco.com\/de\/aktuelles\/mit-der-db-e-c-o-group-in-die-welt-dualstudium-im-ausland\/","name":"Mit der DB E.C.O. Group in die Welt \u2013 Dualstudium im Ausland","isPartOf":{"@id":"https:\/\/db-eco.com\/de\/#website"},"primaryImageOfPage":{"@id":"https:\/\/db-eco.com\/de\/aktuelles\/mit-der-db-e-c-o-group-in-die-welt-dualstudium-im-ausland\/#primaryimage"},"image":{"@id":"https:\/\/db-eco.com\/de\/aktuelles\/mit-der-db-e-c-o-group-in-die-welt-dualstudium-im-ausland\/#primaryimage"},"thumbnailUrl":"https:\/\/db-eco.com\/wp-content\/uploads\/2024\/07\/jan-schneider-internationalisierung-der-erstausbildung.jpg","datePublished":"2024-07-16T10:14:47+00:00","dateModified":"2025-05-06T23:09:48+00:00","description":"Im Rahmen des Programms \"Internationalisierung der Erstausbildung\", berichtet Jan von seinem Dualstudium im Ausland. Lesen Sie mehr!","breadcrumb":{"@id":"https:\/\/db-eco.com\/de\/aktuelles\/mit-der-db-e-c-o-group-in-die-welt-dualstudium-im-ausland\/#breadcrumb"},"inLanguage":"de","potentialAction":[{"@type":"ReadAction","target":["https:\/\/db-eco.com\/de\/aktuelles\/mit-der-db-e-c-o-group-in-die-welt-dualstudium-im-ausland\/"]}]},{"@type":"ImageObject","inLanguage":"de","@id":"https:\/\/db-eco.com\/de\/aktuelles\/mit-der-db-e-c-o-group-in-die-welt-dualstudium-im-ausland\/#primaryimage","url":"https:\/\/db-eco.com\/wp-content\/uploads\/2024\/07\/jan-schneider-internationalisierung-der-erstausbildung.jpg","contentUrl":"https:\/\/db-eco.com\/wp-content\/uploads\/2024\/07\/jan-schneider-internationalisierung-der-erstausbildung.jpg","width":1497,"height":1123,"caption":"DB Engineering & Consulting \/ Jan Schneider"},{"@type":"BreadcrumbList","@id":"https:\/\/db-eco.com\/de\/aktuelles\/mit-der-db-e-c-o-group-in-die-welt-dualstudium-im-ausland\/#breadcrumb","itemListElement":[{"@type":"ListItem","position":1,"name":"Home","item":"https:\/\/db-eco.com\/de\/"},{"@type":"ListItem","position":2,"name":"Mit der DB E.C.O. Group in die Welt &#8211; Dualstudium im Ausland"}]},{"@type":"WebSite","@id":"https:\/\/db-eco.com\/de\/#website","url":"https:\/\/db-eco.com\/de\/","name":"DB ECO","description":"Part of DB E.C.O. Group","publisher":{"@id":"https:\/\/db-eco.com\/de\/#organization"},"potentialAction":[{"@type":"SearchAction","target":{"@type":"EntryPoint","urlTemplate":"https:\/\/db-eco.com\/de\/?s={search_term_string}"},"query-input":{"@type":"PropertyValueSpecification","valueRequired":true,"valueName":"search_term_string"}}],"inLanguage":"de"},{"@type":"Organization","@id":"https:\/\/db-eco.com\/de\/#organization","name":"DB E.C.O. Group","url":"https:\/\/db-eco.com\/de\/","logo":{"@type":"ImageObject","inLanguage":"de","@id":"https:\/\/db-eco.com\/de\/#\/schema\/logo\/image\/","url":"https:\/\/db-eco.com\/wp-content\/uploads\/2022\/10\/Logo_DB-ECO-Group_310x69.jpg","contentUrl":"https:\/\/db-eco.com\/wp-content\/uploads\/2022\/10\/Logo_DB-ECO-Group_310x69.jpg","width":310,"height":69,"caption":"DB E.C.O. Group"},"image":{"@id":"https:\/\/db-eco.com\/de\/#\/schema\/logo\/image\/"},"sameAs":["https:\/\/www.linkedin.com\/company\/db-e-c-o-group\/"],"description":"Die DB E.C.O. Group setzt sich aus DB Engineering & Consulting, Deutsche Bahn International Operations, infraView, ESE Engineering und Software-Entwicklung, inno2grid sowie weiteren lokalen Gesellschaften, Tochterunternehmen und internationalen Beteiligungen zusammen. Das geb\u00fcndelte Fachwissen der Deutschen Bahn in den Bereichen Engineering, Consulting und Betrieb bildet die Grundlage f\u00fcr die umfassende Infrastrukturkompetenz der Gruppe. Diese Expertise ist integraler Bestandteil aller Leistungen und erm\u00f6glicht die Entwicklung innovativer und nachhaltiger L\u00f6sungen f\u00fcr die Mobilit\u00e4t der Zukunft. Seit Ende 2019 verbindet die B E.C.O. Group ihre fundierte Systemkenntnis des integrierten Schienenverkehrs mit digitalen Technologien entlang der gesamten Wertsch\u00f6pfungskette. Als Full-Service-Dienstleister mit \u00fcber 8.200 Mitarbeitenden aus 90 Nationen bietet das Unternehmen ein zukunftsorientiertes Leistungsportfolio und leistet zugleich einen aktiven Beitrag zum Umwelt- und Klimaschutz. In enger Zusammenarbeit mit Gesch\u00e4ftspartnern werden zuverl\u00e4ssige und wirtschaftliche L\u00f6sungen f\u00fcr komplexe Projekte umgesetzt.","email":"eco-group@deutschebahn.com","legalName":"DB Engineering & Consulting GmbH, DB E.C.O Group","vatID":"DE 114 139 523","numberOfEmployees":{"@type":"QuantitativeValue","minValue":"5001","maxValue":"10000"}},{"@type":"Person","@id":"https:\/\/db-eco.com\/de\/#\/schema\/person\/ecd7d74fe4822613b3bb4cec3a811143","name":"Boglarka Mihaly","image":{"@type":"ImageObject","inLanguage":"de","@id":"https:\/\/secure.gravatar.com\/avatar\/0ecaf30e13847ad668da43e783b188af9b009781e2887e15014ff8a4f82e5651?s=96&d=mm&r=g","url":"https:\/\/secure.gravatar.com\/avatar\/0ecaf30e13847ad668da43e783b188af9b009781e2887e15014ff8a4f82e5651?s=96&d=mm&r=g","contentUrl":"https:\/\/secure.gravatar.com\/avatar\/0ecaf30e13847ad668da43e783b188af9b009781e2887e15014ff8a4f82e5651?s=96&d=mm&r=g","caption":"Boglarka Mihaly"}}]}},"dbec_featured_media":{"source_url":"https:\/\/db-eco.com\/wp-content\/uploads\/2024\/07\/jan-schneider-internationalisierung-der-erstausbildung-300x225.jpg","source_set":"https:\/\/db-eco.com\/wp-content\/uploads\/2024\/07\/jan-schneider-internationalisierung-der-erstausbildung-300x225.jpg 300w, https:\/\/db-eco.com\/wp-content\/uploads\/2024\/07\/jan-schneider-internationalisierung-der-erstausbildung-1024x768.jpg 1024w, https:\/\/db-eco.com\/wp-content\/uploads\/2024\/07\/jan-schneider-internationalisierung-der-erstausbildung-768x576.jpg 768w, https:\/\/db-eco.com\/wp-content\/uploads\/2024\/07\/jan-schneider-internationalisierung-der-erstausbildung-520x390.jpg 520w, https:\/\/db-eco.com\/wp-content\/uploads\/2024\/07\/jan-schneider-internationalisierung-der-erstausbildung-1280x960.jpg 1280w, https:\/\/db-eco.com\/wp-content\/uploads\/2024\/07\/jan-schneider-internationalisierung-der-erstausbildung.jpg 1497w","caption":"DB Engineering & Consulting \/ Jan Schneider ","alt":"Foto von Jan Schneider w\u00e4hrend seines Auslandsaufenthalts in Uruguay; im Hintergrund seine Mitarbeitenden w\u00e4hrend der Arbeit an der Schiene"},"post_views":4870,"_links":{"self":[{"href":"https:\/\/db-eco.com\/de\/wp-json\/wp\/v2\/posts\/6287","targetHints":{"allow":["GET"]}}],"collection":[{"href":"https:\/\/db-eco.com\/de\/wp-json\/wp\/v2\/posts"}],"about":[{"href":"https:\/\/db-eco.com\/de\/wp-json\/wp\/v2\/types\/post"}],"author":[{"embeddable":true,"href":"https:\/\/db-eco.com\/de\/wp-json\/wp\/v2\/users\/5"}],"replies":[{"embeddable":true,"href":"https:\/\/db-eco.com\/de\/wp-json\/wp\/v2\/comments?post=6287"}],"version-history":[{"count":46,"href":"https:\/\/db-eco.com\/de\/wp-json\/wp\/v2\/posts\/6287\/revisions"}],"predecessor-version":[{"id":7675,"href":"https:\/\/db-eco.com\/de\/wp-json\/wp\/v2\/posts\/6287\/revisions\/7675"}],"wp:featuredmedia":[{"embeddable":true,"href":"https:\/\/db-eco.com\/de\/wp-json\/wp\/v2\/media\/6307"}],"wp:attachment":[{"href":"https:\/\/db-eco.com\/de\/wp-json\/wp\/v2\/media?parent=6287"}],"wp:term":[{"taxonomy":"category","embeddable":true,"href":"https:\/\/db-eco.com\/de\/wp-json\/wp\/v2\/categories?post=6287"},{"taxonomy":"post_tag","embeddable":true,"href":"https:\/\/db-eco.com\/de\/wp-json\/wp\/v2\/tags?post=6287"}],"curies":[{"name":"wp","href":"https:\/\/api.w.org\/{rel}","templated":true}]}}