{"id":4921,"date":"2024-01-18T10:38:10","date_gmt":"2024-01-18T09:38:10","guid":{"rendered":"https:\/\/db-eco.com\/?p=4921"},"modified":"2025-05-07T01:11:17","modified_gmt":"2025-05-06T23:11:17","slug":"berufliche-weiterentwicklung-in-der-db-e-c-o-group","status":"publish","type":"post","link":"https:\/\/db-eco.com\/de\/aktuelles\/berufliche-weiterentwicklung-in-der-db-e-c-o-group\/","title":{"rendered":"Berufliche Weiterentwicklung innerhalb der DB E.C.O. Group"},"content":{"rendered":"\n<div class=\"wp-block-dbec-core-layout-grid  layout-grid layout-grid--outer-margin-large layout-grid--expanded\"><div class=\"grid grid--child-margin-large\">\n<div class=\"wp-block-dbec-core-layout-column  column is-6-small is-6-medium column--expanded\"><div class=\"layout-column\"><nav class=\"breadcrumbs\"><div class=\"breadcrumbs__inner\"><a class=\"breadcrumbs__home\" href=\"https:\/\/db-eco.com\/de\/\" aria-label=\"Link Home\"><svg class=\"breadcrumbs__home-icon\"><use xlink:href=\"#home\"><\/use><\/svg><\/a> <svg class=\"breadcrumbs__delimiter\"><use xlink:href=\"#icon-arrow-right\"><\/use><\/svg> <a data-is-distributor=\"true\" href=\"https:\/\/db-eco.com\/de\/aktuelles\/\">Aktuelles<\/a> <svg class=\"breadcrumbs__delimiter\"><use xlink:href=\"#icon-arrow-right\"><\/use><\/svg><span class=\"breadcrumbs__actual-page\">Berufliche Weiterentwicklung innerhalb der DB E.C.O. Group<\/span><\/div><\/nav><\/div><\/div>\n<\/div><\/div>\n\n\n\n<div class=\"wp-block-dbec-core-layout-grid  layout-grid layout-grid--outer-margin-small layout-grid--expanded\"><div class=\"grid grid--child-margin-small\">\n<div class=\"wp-block-dbec-core-layout-column  column is-6-small is-3-medium column--expanded\"><div class=\"layout-column\">\n<div class=\"wp-block-dbec-core-layout-text  wp-block-dbec-core-layout-text--expanded\"><div class=\"layout-column layout-column--text\"><div class=\"article-header\"><div class=\"article-header__tags\"><a class=\"tag\" href=\"https:\/\/db-eco.com\/de\/aktuelles\/?categories=2\">News<\/a><\/div><h1 class=\"article-header__headline\">Berufliche Weiterentwicklung innerhalb der DB E.C.O. Group<\/h1><div class=\"article-header__date\">18.01.2024 &#8211; 10:38<\/div><\/div>\n\n\n<div class=\"wp-block-dbec-core-sub-headline\"><p class=\"sub-headline\">Einer der zentralen Eckpfeiler des Erfolgs der DB E.C.O. Group ist unser Team. Erst unsere engagierten und erfahrenen Mitarbeitenden erm\u00f6glichen es uns, die Verkehrswende global umzusetzen. Ihr stetes Engagement hat uns internationale Anerkennung eingebracht und er\u00f6ffnet uns Jahr f\u00fcr Jahr neue M\u00f6glichkeiten.<\/p><\/div>\n<\/div><\/div>\n\n\n\n<div class=\"wp-block-dbec-core-figure\"><figure class=\"figure\"><div class=\"figure__inner\"><img decoding=\"async\" class=\"figure__image\" src=\"https:\/\/db-eco.com\/wp-content\/uploads\/2024\/01\/Internationale-Berufsentwicklung-DBE.C.O._Felipe-Urrego_Camara-Lucida.jpeg\" srcset=\"https:\/\/db-eco.com\/wp-content\/uploads\/2024\/01\/Internationale-Berufsentwicklung-DBE.C.O._Felipe-Urrego_Camara-Lucida-300x200.jpeg 300w, https:\/\/db-eco.com\/wp-content\/uploads\/2024\/01\/Internationale-Berufsentwicklung-DBE.C.O._Felipe-Urrego_Camara-Lucida-150x150.jpeg 150w, https:\/\/db-eco.com\/wp-content\/uploads\/2024\/01\/Internationale-Berufsentwicklung-DBE.C.O._Felipe-Urrego_Camara-Lucida-768x512.jpeg 768w, https:\/\/db-eco.com\/wp-content\/uploads\/2024\/01\/Internationale-Berufsentwicklung-DBE.C.O._Felipe-Urrego_Camara-Lucida-520x347.jpeg 520w, https:\/\/db-eco.com\/wp-content\/uploads\/2024\/01\/Internationale-Berufsentwicklung-DBE.C.O._Felipe-Urrego_Camara-Lucida-768x512.jpeg 768w\" alt=\"Luis Felipe Urrego on a balcony\" width=\"1024\" height=\"683\" loading=\"lazy\" sizes=\"auto, (min-width: 1330px) calc(((1200px - 35px * 5) * (3 \/ 6)) + (35px * (3 - 1))), (min-width: 768px) calc((((100vw - 130px) - 35px * 5) * (3 \/ 6)) + (35px * (3 - 1))), calc(100vw - 60px)\"\/><div class=\"enlarge-image\"><template data-name=\"lightbox-content\"><div class=\"lightbox-image\"><div class=\"lightbox-image__image\" style=\"background-image:url(&quot;https:\/\/db-eco.com\/wp-content\/uploads\/2024\/01\/Internationale-Berufsentwicklung-DBE.C.O._Felipe-Urrego_Camara-Lucida.jpeg&quot;)\"><\/div><div class=\"lightbox-image__caption\"><span>Luis Felipe Urrego, DB Engineering &amp; Consulting<\/span><\/div><\/div><\/template><\/div><div class=\"label-reference\" data-image-reference=\"<p&gt;Camara Lucida<\/p&gt;\n\"><\/div><\/div><figcaption class=\"figure__caption\">Luis Felipe Urrego, DB Engineering &amp; Consulting<\/figcaption><\/figure><\/div>\n<\/div><\/div>\n\n\n\n<div class=\"wp-block-dbec-core-layout-column  column is-6-small is-2-medium is-offset-left-1-medium column--expanded\"><div class=\"layout-column\">\n<div class=\"wp-block-dbec-core-layout-text  wp-block-dbec-core-layout-text--expanded\"><div class=\"layout-column layout-column--text\"><div class=\"wp-block-dbec-core-social-sharing\"><div class=\"social-sharing\" data-subject=\"\" data-recipient=\"\" data-body=\"\"><span class=\"social-sharing__label\">Social Sharing<\/span><div class=\"social-sharing__links\"><a class=\"social-sharing__link social-sharing__link--linkedin\" href=\"\/\" target=\"_blank\" rel=\"noopener noreferrer\" aria-label=\"Link LinkedIn\"><svg class=\"social-sharing__icon\"><use xlink:href=\"#icon-linked-in\"\/><\/svg><\/a><a class=\"social-sharing__link social-sharing__link--mail\" href=\"\/\" target=\"_blank\" rel=\"noopener noreferrer\" aria-label=\"Link Mail\"><svg class=\"social-sharing__icon\"><use xlink:href=\"#icon-mail\"\/><\/svg><\/a><\/div><\/div><\/div><\/div><\/div>\n\n\n\n<div class=\"wp-block-dbec-core-layout-text  wp-block-dbec-core-layout-text--expanded\"><div class=\"layout-column layout-column--text\">\n<h2 class=\"wp-block-heading headline-h4\">Kontakt<\/h2>\n\n\n<div class=\"contact-person\"><h3 class=\"contact-person__name\">DB E.C.O. Group<\/h3><div class=\"contact-person__position\">Team Marketing &#038; Kommunikation<\/div><div class=\"contact-person__address\">EUREF-Campus 14<br \/>\r\n10829 Berlin<br \/>\r\nDeutschland<\/div><a class=\"contact-person__link-communication\" href=\"mailto:marketing@db-eco.com\"><svg class=\"contact-person__icon-mail\"><use xlink:href=\"#icon-mail\"><\/use><\/svg><span>E-Mail<\/span><\/a><\/div><\/div><\/div>\n<\/div><\/div>\n<\/div><\/div>\n\n\n\n<div class=\"wp-block-dbec-core-layout-grid  layout-grid layout-grid--outer-margin-small layout-grid--expanded\"><div class=\"grid grid--child-margin-none\">\n<div class=\"wp-block-dbec-core-layout-column  column is-6-small is-6-medium column--expanded\"><div class=\"layout-column\">\n<p>Die F\u00f6rderung unserer Kolleg:innen steht im Mittelpunkt unserer internationalen Erfolgsstrategie. Wir wollen unseren Mitarbeitenden die M\u00f6glichkeit bieten, sich innerhalb der DB E.C.O. Group weiterzuentwickeln und ihre beruflichen Ziele mit uns zu verwirklichen. Um dies f\u00fcr alle zu erm\u00f6glichen, arbeitet unser HR-Team st\u00e4ndig an der Verbesserung unserer Fortbildungsprogramme. Dazu geh\u00f6ren beispielsweise die Erweiterung des Schulungsportfolios, die kontinuierliche Aktualisierung des Onboardingprozesses sowie die Implementierung neuer Talententwicklungsprogramme. Heute freuen wir uns, die inspirierenden Geschichten zweier Kollegen aus Kolumbien zu erz\u00e4hlen, die mithilfe der DB E.C.O. Group wichtige Meilensteine auf ihrem beruflichen Werdegang erreicht haben.<\/p>\n\n\n\n<p>Luis Felipe Urrego hat im Dezember 2021 als Junior Angebots- und Projektmanager bei DB Engineering &amp; Consulting, einer Tochtergesellschaft der DB E.C.O. Group, angefangen und ist inzwischen ein fester Bestandteil des Beraterteams der <a href=\"https:\/\/db-engineering-consulting.com\/de\/produktportfolio\/consulting\/mobilitats-und-logistikberatung\/#db-rail-academy\" target=\"_blank\" rel=\"noreferrer noopener\">DB Rail Academy<\/a> in Deutschland.<\/p>\n\n\n\n<p>Juan David Casas, einer der ersten und zugleich j\u00fcngsten Mitarbeiter der kolumbianischen Niederlassung, zog nach Deutschland, um ein Aufbaustudium zu absolvieren. W\u00e4hrenddessen arbeitet er als Werkstudent f\u00fcr das Beratungsteam der Projekt- und Bauplanung unserer M\u00fcnchner Niederlassung.<\/p>\n<\/div><\/div>\n<\/div><\/div>\n\n\n\n<div class=\"wp-block-dbec-core-layout-grid  layout-grid layout-grid--outer-margin-small layout-grid--expanded\"><div class=\"grid grid--child-margin-small\">\n<div class=\"wp-block-dbec-core-layout-column  column is-6-small is-3-medium column--expanded\"><div class=\"layout-column\">\n<div class=\"wp-block-dbec-core-figure\"><figure class=\"figure\"><div class=\"figure__inner\"><img decoding=\"async\" class=\"figure__image\" src=\"https:\/\/db-eco.com\/wp-content\/uploads\/2024\/01\/Internationale-Berufsentwicklung-DBE.C.O._Juan-Casas_Camara-Lucida-scaled.jpg\" srcset=\"https:\/\/db-eco.com\/wp-content\/uploads\/2024\/01\/Internationale-Berufsentwicklung-DBE.C.O._Juan-Casas_Camara-Lucida-200x300.jpg 200w, https:\/\/db-eco.com\/wp-content\/uploads\/2024\/01\/Internationale-Berufsentwicklung-DBE.C.O._Juan-Casas_Camara-Lucida-683x1024.jpg 683w, https:\/\/db-eco.com\/wp-content\/uploads\/2024\/01\/Internationale-Berufsentwicklung-DBE.C.O._Juan-Casas_Camara-Lucida-150x150.jpg 150w, https:\/\/db-eco.com\/wp-content\/uploads\/2024\/01\/Internationale-Berufsentwicklung-DBE.C.O._Juan-Casas_Camara-Lucida-768x1152.jpg 768w, https:\/\/db-eco.com\/wp-content\/uploads\/2024\/01\/Internationale-Berufsentwicklung-DBE.C.O._Juan-Casas_Camara-Lucida-1024x1536.jpg 1024w, https:\/\/db-eco.com\/wp-content\/uploads\/2024\/01\/Internationale-Berufsentwicklung-DBE.C.O._Juan-Casas_Camara-Lucida-1365x2048.jpg 1365w, https:\/\/db-eco.com\/wp-content\/uploads\/2024\/01\/Internationale-Berufsentwicklung-DBE.C.O._Juan-Casas_Camara-Lucida-520x780.jpg 520w, https:\/\/db-eco.com\/wp-content\/uploads\/2024\/01\/Internationale-Berufsentwicklung-DBE.C.O._Juan-Casas_Camara-Lucida-768x1152.jpg 768w, https:\/\/db-eco.com\/wp-content\/uploads\/2024\/01\/Internationale-Berufsentwicklung-DBE.C.O._Juan-Casas_Camara-Lucida-1280x1920.jpg 1280w, https:\/\/db-eco.com\/wp-content\/uploads\/2024\/01\/Internationale-Berufsentwicklung-DBE.C.O._Juan-Casas_Camara-Lucida-1920x2880.jpg 1920w\" alt=\"Juan David Casas on a balcony\" width=\"1707\" height=\"2560\" loading=\"lazy\" sizes=\"auto, (min-width: 1330px) calc(((1200px - 35px * 5) * (3 \/ 6)) + (35px * (3 - 1))), (min-width: 768px) calc((((100vw - 130px) - 35px * 5) * (3 \/ 6)) + (35px * (3 - 1))), calc(100vw - 60px)\"\/><div class=\"enlarge-image\"><template data-name=\"lightbox-content\"><div class=\"lightbox-image\"><div class=\"lightbox-image__image\" style=\"background-image:url(&quot;https:\/\/db-eco.com\/wp-content\/uploads\/2024\/01\/Internationale-Berufsentwicklung-DBE.C.O._Juan-Casas_Camara-Lucida-scaled.jpg&quot;)\"><\/div><div class=\"lightbox-image__caption\"><span>Juan David Casas, DB Engineering &amp; Consulting<\/span><\/div><\/div><\/template><\/div><div class=\"label-reference\" data-image-reference=\"<p&gt;Camara Lucida<\/p&gt;\n\"><\/div><\/div><figcaption class=\"figure__caption\">Juan David Casas, DB Engineering &amp; Consulting<\/figcaption><\/figure><\/div>\n<\/div><\/div>\n\n\n\n<div class=\"wp-block-dbec-core-layout-column  column is-6-small is-3-medium column--expanded\"><div class=\"layout-column\">\n<p>Carsten Puls, Leiter Region Lateinamerika (LATAM), sagt: <em>\u201eAls Teil unserer DNA in LATAM konzentrieren wir uns auf das Wachstum unserer Mitarbeitenden, die gleicherma\u00dfen Wachstum in die Region bringen und einen Beitrag zum Erfolg der gesamten DB E.C.O. Group leisten. Ich bin sehr stolz auf die Entwicklung von Juan David und Felipe und w\u00fcnsche ihnen weiterhin alles Gute.&#8221;<\/em><\/p>\n\n\n\n<div class=\"wp-block-dbec-core-layout-text  wp-block-dbec-core-layout-text--expanded\"><div class=\"layout-column layout-column--text\">\n<h2 class=\"wp-block-heading headline-h3\">F\u00fcnf Schl\u00fcsselfaktoren f\u00fcr den Erfolg <strong style=\"color: revert; display: inline !important;\"><\/strong><\/h2>\n\n\n\n<p>Wir haben mit Luis Felipe und Juan David dar\u00fcber gesprochen, welche Faktoren ihren pers\u00f6nlichen Erfolg gepr\u00e4gt haben und welchen Rat sie anderen Kolleg:innen auf Basis ihrer eigenen Erfahrungen geben w\u00fcrden. Dabei konnten die beiden f\u00fcnf Faktoren identifizieren, die ihren bisherigen beruflichen Werdegang stark beeinflusst haben:<\/p>\n\n\n\n<ol style=\"list-style-type:1\" class=\"wp-block-list\">\n<li>Klare Karriereziele<\/li>\n\n\n\n<li>Sicherstellung der professionellen Unterst\u00fctzung durch das Management<\/li>\n\n\n\n<li>Arbeit an internationalen Projekten<\/li>\n\n\n\n<li>Zwei oder mehr Sprachen flie\u00dfend sprechen<\/li>\n\n\n\n<li>Konsequente Aneignung von Wissen und neuer Soft Skills<\/li>\n<\/ol>\n\n\n\n<p>In einem kurzen Interview erz\u00e4hlen uns Luis Felipe und Juan David mehr \u00fcber ihre Erfahrungen in Lateinamerika und mit der DB E.C.O. Group sowie ihre Beweggr\u00fcnde und Ziele.<\/p>\n<\/div><\/div>\n<\/div><\/div>\n<\/div><\/div>\n\n\n\n<div class=\"wp-block-dbec-core-layout-grid  layout-grid layout-grid--outer-margin-small layout-grid--expanded\"><div class=\"grid grid--child-margin-none\">\n<div class=\"wp-block-dbec-core-layout-column  column is-6-small is-6-medium column--expanded\"><div class=\"layout-column\">\n<p>1. Was hat euch dazu bewogen, nach Deutschland zu gehen?<\/p>\n\n\n\n<p>Luis Felipe Urrego: \u201e<em>Ich glaube, dass internationale Erfahrungen der Schl\u00fcssel zur pers\u00f6nlichen und beruflichen Entwicklung sind. Der Kontakt mit anderen Perspektiven, Lebens- und Arbeitsweisen verbessert die eigene Anpassungsf\u00e4higkeit und die interkulturellen Kommunikationsf\u00e4higkeiten. Ich denke, in der heutigen globalisierten Welt ist das besonders wertvoll. Dar\u00fcber hinaus ist ein Besuch in der Zentrale der DB E.C.O. Group in Deutschland eine gro\u00dfartige Gelegenheit, tiefer in den DB-Kosmos einzutauchen und zu sehen, wie von hier Projekte in aller Welt unterst\u00fctzt werden.\u201c<\/em><\/p>\n\n\n\n<p>Juan David Casas: \u201e<em style=\"font-size: revert; color: initial; display: inline !important;\">Seit meiner Kindheit interessiere ich mich schon f\u00fcr die deutsche Kultur und das weltweit anerkannte Fachwissen deutscher Ingenieur:innen. Ich habe immer davon getr\u00e4umt, in Deutschland zu studieren oder zu arbeiten und bin sehr froh, dass dieser Wunsch dieses Jahr in Erf\u00fcllung geht.\u201c<\/em><\/p>\n<\/div><\/div>\n<\/div><\/div>\n\n\n\n<div class=\"wp-block-dbec-core-layout-grid  layout-grid layout-grid--outer-margin-small layout-grid--expanded\"><div class=\"grid grid--child-margin-none\">\n<div class=\"wp-block-dbec-core-layout-column  column is-6-small is-3-medium column--expanded\"><div class=\"layout-column\">\n<div class=\"wp-block-dbec-core-figure\"><figure class=\"figure\" style=\"--figure-max-width:600px\"><div class=\"figure__inner\"><img decoding=\"async\" class=\"figure__image\" src=\"https:\/\/db-eco.com\/wp-content\/uploads\/2024\/01\/Internationale-Berufsentwicklung-DBE.C.O._DBECGebaeude_Hagen.jpg\" srcset=\"https:\/\/db-eco.com\/wp-content\/uploads\/2024\/01\/Internationale-Berufsentwicklung-DBE.C.O._DBECGebaeude_Hagen-300x215.jpg 300w, https:\/\/db-eco.com\/wp-content\/uploads\/2024\/01\/Internationale-Berufsentwicklung-DBE.C.O._DBECGebaeude_Hagen-1024x735.jpg 1024w, https:\/\/db-eco.com\/wp-content\/uploads\/2024\/01\/Internationale-Berufsentwicklung-DBE.C.O._DBECGebaeude_Hagen-150x150.jpg 150w, https:\/\/db-eco.com\/wp-content\/uploads\/2024\/01\/Internationale-Berufsentwicklung-DBE.C.O._DBECGebaeude_Hagen-768x551.jpg 768w, https:\/\/db-eco.com\/wp-content\/uploads\/2024\/01\/Internationale-Berufsentwicklung-DBE.C.O._DBECGebaeude_Hagen-1536x1102.jpg 1536w, https:\/\/db-eco.com\/wp-content\/uploads\/2024\/01\/Internationale-Berufsentwicklung-DBE.C.O._DBECGebaeude_Hagen-520x373.jpg 520w, https:\/\/db-eco.com\/wp-content\/uploads\/2024\/01\/Internationale-Berufsentwicklung-DBE.C.O._DBECGebaeude_Hagen-768x551.jpg 768w, https:\/\/db-eco.com\/wp-content\/uploads\/2024\/01\/Internationale-Berufsentwicklung-DBE.C.O._DBECGebaeude_Hagen-1280x918.jpg 1280w\" alt=\"\" width=\"1600\" height=\"1148\" loading=\"lazy\" sizes=\"auto, (min-width: 1330px) calc(((1200px - 35px * 5) * (3 \/ 6)) + (35px * (3 - 1))), (min-width: 768px) calc((((100vw - 130px) - 35px * 5) * (3 \/ 6)) + (35px * (3 - 1))), calc(100vw - 60px)\"\/><div class=\"label-reference\" data-image-reference=\"<p&gt;EUREF Campus, Zentrale der DB Engineering &amp; Consulting<\/p&gt;\n\"><\/div><\/div><figcaption class=\"figure__caption\">Zentrale der DB Engineering &amp; Consulting auf dem EUREF-Campus, Berlin<\/figcaption><\/figure><\/div>\n<\/div><\/div>\n\n\n\n<div class=\"wp-block-dbec-core-layout-column  column is-6-small is-3-medium column--expanded\"><div class=\"layout-column\">\n<p>2. Welche Faktoren waren ausschlaggebend f\u00fcr diesen n\u00e4chsten Schritt in deiner beruflichen Laufbahn?<\/p>\n\n\n\n<p>Luis Felipe Urrego: <em style=\"font-size: revert; color: initial; display: inline !important;\">\u201eDank der DB-Struktur hatte ich die M\u00f6glichkeit, Hand in Hand mit Kolleg:innen aus den unterschiedlichen Bereichen in der Zentrale zu arbeiten und gemeinsam Projekte in ganz LATAM zu begleiten. Durch diese Teamarbeit kam ich mit vielen Prozessen in Ber\u00fchrung und konnte mein Wissen \u00fcber unsere Dienstleistungen weiter vertiefen. Die Unterst\u00fctzung meiner Kolleg:innen und der verschiedenen Leiter:innen war ein wichtiger Faktor, der es mir erm\u00f6glichte, in das Team der Zentrale in Deutschland einzusteigen.\u201c<\/em><\/p>\n\n\n\n<p>Juan David Casas: <em style=\"font-size: revert; color: initial; display: inline !important;\">\u201eIch hatte das gro\u00dfe Gl\u00fcck, Vorgesetzte und Kolleg:innen zu haben, die mich besonders gef\u00f6rdert haben. Sie haben mich von Anfang an unterst\u00fctzt und ermutigt, neue Aufgaben zu \u00fcbernehmen. Das war entscheidend f\u00fcr meinen Erfolg und meine Weiterentwicklung. Es hat mir die notwendige Projekterfahrung und damit einen Lebenslauf erm\u00f6glicht, mit dem ich an der Technischen Universit\u00e4t M\u00fcnchen angenommen wurde.<\/em><\/p>\n<\/div><\/div>\n<\/div><\/div>\n\n\n\n<div class=\"wp-block-dbec-core-layout-grid  layout-grid layout-grid--outer-margin-none layout-grid--expanded\"><div class=\"grid grid--child-margin-none\">\n<div class=\"wp-block-dbec-core-layout-column  column is-6-small is-6-medium column--expanded\"><div class=\"layout-column\">\n<p><em>Ich bin dankbar f\u00fcr die Gelegenheit, jetzt in Deutschland einen Master in Transportation Systems zu belegen und so meine Karriere weiterzuentwickeln. Inzwischen habe ich mir dadurch ein noch besseres Verst\u00e4ndnis f\u00fcr die Technik rund um unsere Infrastrukturprojekte angeeignet und freue mich, mit meinen neuen F\u00e4higkeiten bei meiner t\u00e4glichen Arbeit f\u00fcr unsere Kunden die besten Ergebnisse zu erzielen. Es ist gro\u00dfartig, dass die DB E.C.O. Group mich dabei unterst\u00fctzt.\u201c<\/em><\/p>\n\n\n\n<p><span style=\"background-color: rgba(0, 0, 0, 0.2); color: initial; font-size: revert;\"><\/span><span style=\"background-color: rgba(0, 0, 0, 0.2); color: initial; font-size: revert;\"><\/span><span style=\"background-color: rgba(0, 0, 0, 0.2); color: initial; font-size: revert;\"><\/span><span style=\"color: initial; font-size: revert;\"><\/span>Wenn dich die Geschichten von Juan David und Luis Felipe inspiriert haben und du dir eine Karriere in den vielf\u00e4ltigen Bereichen der DB E.C.O. Group vorstellen kannst, <a href=\"https:\/\/db.jobs\/service\/search\/de-de\/5441588?qli=true&amp;query=&amp;sort=score&amp;itemsPerPage=20&amp;pageNum=0&amp;country=Deutschland&amp;legalentity=DB+Engineering+%26+Consulting+GmbH&amp;legalentity=DB+International+Operations\">wirf einen Blick auf unsere Stellenanzeigen<\/a> und bewirb dich!<\/p>\n<\/div><\/div>\n<\/div><\/div>\n\n\n\n<div class=\"wp-block-dbec-core-layout-grid  layout-grid layout-grid--outer-margin-small layout-grid--expanded\"><div class=\"grid grid--child-margin-large\">\n<div class=\"wp-block-dbec-core-layout-column  column is-6-small is-6-medium column--expanded\"><div class=\"layout-column\">\n<div class=\"wp-block-dbec-core-layout-linked-items  wp-block-dbec-core-layout-linked-items--expanded\"><section class=\"layout-linked-items\"><div class=\"layout-linked-items__header\"><div class=\"grid\"><div class=\"column is-6-small is-3-medium\"><h2 class=\"layout-linked-items__headline\">Weitere News<\/h2><\/div><div class=\"column is-6-small is-3-medium\"><div class=\"layout-linked-items__wrapper-link layout-linked-items__wrapper-link--top\"><a class=\"layout-linked-items__link\" href=\"https:\/\/db-eco.com\/de\/news\/\" target=\"_self\" rel=\"noopener noreferrer\">Zur\u00fcck zur \u00dcbersicht<\/a><\/div><\/div><\/div><\/div><div class=\"layout-linked-items__inner\"><div class=\"news\"><div class=\"news__item\"><a class=\"base-card\" href=\"https:\/\/db-eco.com\/de\/aktuelles\/bereit-fuer-next-level-veraenderungen-in-fuehrung-db-eco-group\/\"><figure class=\"base-card__figure\"><img loading=\"lazy\" decoding=\"async\" width=\"768\" height=\"512\" src=\"https:\/\/db-eco.com\/wp-content\/uploads\/2023\/12\/Changes-in-the-management-of-DB-E.C.O.-Group_Niko-Warbanoff-Portrait_HCPlambeck-768x512.jpg\" class=\"base-card__image wp-post-image\" alt=\"Changes-in-the-management-of-DB-E.C.O.-Group_Niko-Warbanoff in front a green-grey background\" sizes=\"auto, (min-width: 1330px) calc(((1200px - 35px * 5) * (2 \/ 6)) + (35px * (2 - 1))), (min-width: 1024px) calc((((100vw - 130px) - 35px * 5) * (2 \/ 6)) + (35px * (2 - 1))), (min-width: 768px) calc((((100vw - 130px) - 35px * 5) * (3 \/ 6)) + (35px * (3 - 1))), calc(100vw - 60px)\" srcset=\"https:\/\/db-eco.com\/wp-content\/uploads\/2023\/12\/Changes-in-the-management-of-DB-E.C.O.-Group_Niko-Warbanoff-Portrait_HCPlambeck-768x512.jpg 768w, https:\/\/db-eco.com\/wp-content\/uploads\/2023\/12\/Changes-in-the-management-of-DB-E.C.O.-Group_Niko-Warbanoff-Portrait_HCPlambeck-300x200.jpg 300w, https:\/\/db-eco.com\/wp-content\/uploads\/2023\/12\/Changes-in-the-management-of-DB-E.C.O.-Group_Niko-Warbanoff-Portrait_HCPlambeck-520x347.jpg 520w, https:\/\/db-eco.com\/wp-content\/uploads\/2023\/12\/Changes-in-the-management-of-DB-E.C.O.-Group_Niko-Warbanoff-Portrait_HCPlambeck.jpg 1000w\" \/><div class=\"label-reference\" data-image-reference=\"Der Vorsitzende der DB Engineering &amp;Consulting GmbH Niko Warbanoff\"><\/div><\/figure><h3 class=\"base-card__title\">Bereit f\u00fcr das \u201eNext Level\u201c: Ver\u00e4nderungen in der F\u00fchrung der DB E.C.O. Group<\/h3><div class=\"base-card__date\">Dezember 13, 2023<\/div><div class=\"base-card__copy\">Die DB E.C.O. Group steht vor bedeutenden Ver\u00e4nderungen. Um dem erfolgreichen Wachstum zu begegnen, strukturiert die Unternehmensgruppe ihr Management um. Im Zuge dieser Entwicklungen wird Niko Warbanoff nach fast 14 Jahren an der Spitze der DB Engineering &#038; Consulting (DB E&#038;C), das Ingenieur- und Beratungsunternehmen der Deutschen Bahn, zum 31. Dezember 2023 sein Mandat als Vorsitzender der Gesch\u00e4ftsf\u00fchrung niederlegen.<\/div><\/a><\/div><div class=\"news__item\"><a class=\"base-card\" href=\"https:\/\/db-eco.com\/de\/aktuelles\/servus-statt-namaste-jobwechsel-von-indien-nach-bayern\/\"><figure class=\"base-card__figure\"><img loading=\"lazy\" decoding=\"async\" width=\"768\" height=\"698\" src=\"https:\/\/db-eco.com\/wp-content\/uploads\/2023\/08\/Joice-John_DB-Engineering-Consulting-768x698.jpg\" class=\"base-card__image wp-post-image\" alt=\"Joice John arbeitet an ihrem Schreibtisch in Bayern bei der DB E&amp;C\" sizes=\"auto, (min-width: 1330px) calc(((1200px - 35px * 5) * (2 \/ 6)) + (35px * (2 - 1))), (min-width: 1024px) calc((((100vw - 130px) - 35px * 5) * (2 \/ 6)) + (35px * (2 - 1))), (min-width: 768px) calc((((100vw - 130px) - 35px * 5) * (3 \/ 6)) + (35px * (3 - 1))), calc(100vw - 60px)\" srcset=\"https:\/\/db-eco.com\/wp-content\/uploads\/2023\/08\/Joice-John_DB-Engineering-Consulting-768x698.jpg 768w, https:\/\/db-eco.com\/wp-content\/uploads\/2023\/08\/Joice-John_DB-Engineering-Consulting-300x273.jpg 300w, https:\/\/db-eco.com\/wp-content\/uploads\/2023\/08\/Joice-John_DB-Engineering-Consulting-1024x930.jpg 1024w, https:\/\/db-eco.com\/wp-content\/uploads\/2023\/08\/Joice-John_DB-Engineering-Consulting-1536x1396.jpg 1536w, https:\/\/db-eco.com\/wp-content\/uploads\/2023\/08\/Joice-John_DB-Engineering-Consulting-2048x1861.jpg 2048w, https:\/\/db-eco.com\/wp-content\/uploads\/2023\/08\/Joice-John_DB-Engineering-Consulting-520x473.jpg 520w, https:\/\/db-eco.com\/wp-content\/uploads\/2023\/08\/Joice-John_DB-Engineering-Consulting-1280x1163.jpg 1280w, https:\/\/db-eco.com\/wp-content\/uploads\/2023\/08\/Joice-John_DB-Engineering-Consulting-1920x1745.jpg 1920w\" \/><div class=\"label-reference\" data-image-reference=\"Joice John \/ DB Engineering &#038; Consulting\"><\/div><\/figure><h3 class=\"base-card__title\">Servus statt Namast\u00e9: Jobwechsel von Indien nach Bayern<\/h3><div class=\"base-card__date\">August 18, 2023<\/div><div class=\"base-card__copy\">Joice John ist die erste Kollegin aus dem Design Center Bangalore, die in eine Inlandsregion wechselt. Wie es zu dieser Chance kam und ob es ihr in Bayern gef\u00e4llt, erz\u00e4hlt sie im Interview.<\/div><\/a><\/div><div class=\"news__item\"><a class=\"base-card\" href=\"https:\/\/db-eco.com\/de\/aktuelles\/db-io-nimmt-erstes-schnellbahnnetz-in-indien-in-betrieb\/\"><figure class=\"base-card__figure\"><img loading=\"lazy\" decoding=\"async\" width=\"768\" height=\"455\" src=\"https:\/\/db-eco.com\/wp-content\/uploads\/2023\/10\/Schnellbahnnetz_Indien_Modi_gibt-Abfahrtssignal-fuer-ersten-Zug_DB-RRTS-768x455.jpeg\" class=\"base-card__image wp-post-image\" alt=\"Schnellbahnnetz Indien Modi gibt Abfahrtssignal f\u00fcr ersten Zug\" sizes=\"auto, (min-width: 1330px) calc(((1200px - 35px * 5) * (2 \/ 6)) + (35px * (2 - 1))), (min-width: 1024px) calc((((100vw - 130px) - 35px * 5) * (2 \/ 6)) + (35px * (2 - 1))), (min-width: 768px) calc((((100vw - 130px) - 35px * 5) * (3 \/ 6)) + (35px * (3 - 1))), calc(100vw - 60px)\" srcset=\"https:\/\/db-eco.com\/wp-content\/uploads\/2023\/10\/Schnellbahnnetz_Indien_Modi_gibt-Abfahrtssignal-fuer-ersten-Zug_DB-RRTS-768x455.jpeg 768w, https:\/\/db-eco.com\/wp-content\/uploads\/2023\/10\/Schnellbahnnetz_Indien_Modi_gibt-Abfahrtssignal-fuer-ersten-Zug_DB-RRTS-300x178.jpeg 300w, https:\/\/db-eco.com\/wp-content\/uploads\/2023\/10\/Schnellbahnnetz_Indien_Modi_gibt-Abfahrtssignal-fuer-ersten-Zug_DB-RRTS-1024x607.jpeg 1024w, https:\/\/db-eco.com\/wp-content\/uploads\/2023\/10\/Schnellbahnnetz_Indien_Modi_gibt-Abfahrtssignal-fuer-ersten-Zug_DB-RRTS-1536x910.jpeg 1536w, https:\/\/db-eco.com\/wp-content\/uploads\/2023\/10\/Schnellbahnnetz_Indien_Modi_gibt-Abfahrtssignal-fuer-ersten-Zug_DB-RRTS-520x308.jpeg 520w, https:\/\/db-eco.com\/wp-content\/uploads\/2023\/10\/Schnellbahnnetz_Indien_Modi_gibt-Abfahrtssignal-fuer-ersten-Zug_DB-RRTS-1280x758.jpeg 1280w, https:\/\/db-eco.com\/wp-content\/uploads\/2023\/10\/Schnellbahnnetz_Indien_Modi_gibt-Abfahrtssignal-fuer-ersten-Zug_DB-RRTS.jpeg 1600w\" \/><div class=\"label-reference\" data-image-reference=\"Press Information Bureau Government of India\n\"><\/div><\/figure><h3 class=\"base-card__title\">DB IO nimmt Indiens erstes regionales Schnellbahnnetz in Betrieb<\/h3><div class=\"base-card__date\">Oktober 20, 2023<\/div><div class=\"base-card__copy\">Die DB International Operations (DB IO), part of DB E.C.O. Group, hat Indiens zukunftsweisendes Schnellbahnnetz in Betrieb genommen. Premierminister Narendra Modi weihte die 17 Kilometer lange Vorrangstrecke in der Hauptstadtregion ein. <\/div><\/a><\/div><\/div><\/div><div class=\"layout-linked-items__wrapper-link layout-linked-items__wrapper-link--bottom\"><a class=\"layout-linked-items__link\" href=\"https:\/\/db-eco.com\/de\/news\/\" target=\"_self\" rel=\"noopener noreferrer\">Zur\u00fcck zur \u00dcbersicht<\/a><\/div><\/section><\/div>\n<\/div><\/div>\n<\/div><\/div>\n","protected":false},"excerpt":{"rendered":"<p>Einer der zentralen Eckpfeiler des Erfolgs der DB E.C.O. Group ist unser Team. Erst unsere engagierten und erfahrenen Mitarbeitenden erm\u00f6glichen es uns, die Verkehrswende global umzusetzen. <\/p>\n","protected":false},"author":18,"featured_media":4926,"comment_status":"closed","ping_status":"closed","sticky":false,"template":"","format":"standard","meta":{"allow-other-domains":"1"},"categories":[2],"tags":[401,400,94,166,415,413,414,345,269],"class_list":["post-4921","post","type-post","status-publish","format-standard","has-post-thumbnail","hentry","category-news","tag-db-e-c-o-group","tag-db-ec","tag-db-engineering-consulting","tag-db-international-operations","tag-dbrailacademy","tag-fortbildung","tag-international","tag-karriere","tag-weiterbildung"],"yoast_head":"<!-- This site is optimized with the Yoast SEO Premium plugin v26.1 (Yoast SEO v27.4) - https:\/\/yoast.com\/product\/yoast-seo-premium-wordpress\/ -->\n<title>Berufliche Weiterentwicklung innerhalb der DB E.C.O. Group<\/title>\n<meta name=\"description\" content=\"Einer der zentralen Eckpfeiler des Erfolgs der DB E.C.O. Group ist unser Team. Erfahren Sie mehr \u00fcber die Karriere zweier Mitarbeiter.\" \/>\n<meta name=\"robots\" content=\"index, follow, max-snippet:-1, max-image-preview:large, max-video-preview:-1\" \/>\n<link rel=\"canonical\" href=\"https:\/\/db-eco.com\/de\/aktuelles\/berufliche-weiterentwicklung-in-der-db-e-c-o-group\/\" \/>\n<meta property=\"og:locale\" content=\"de_DE\" \/>\n<meta property=\"og:type\" content=\"article\" \/>\n<meta property=\"og:title\" content=\"Berufliche Weiterentwicklung innerhalb der DB E.C.O. Group\" \/>\n<meta property=\"og:description\" content=\"Einer der zentralen Eckpfeiler des Erfolgs der DB E.C.O. Group ist unser Team. Erfahren Sie mehr \u00fcber die Karriere zweier Mitarbeiter.\" \/>\n<meta property=\"og:url\" content=\"https:\/\/db-eco.com\/de\/aktuelles\/berufliche-weiterentwicklung-in-der-db-e-c-o-group\/\" \/>\n<meta property=\"og:site_name\" content=\"DB ECO\" \/>\n<meta property=\"article:published_time\" content=\"2024-01-18T09:38:10+00:00\" \/>\n<meta property=\"article:modified_time\" content=\"2025-05-06T23:11:17+00:00\" \/>\n<meta property=\"og:image\" content=\"https:\/\/db-eco.com\/wp-content\/uploads\/2024\/01\/KarriereDBE.C.O._Felipe-Urrego_Camara-Lucida.jpeg\" \/>\n\t<meta property=\"og:image:width\" content=\"1024\" \/>\n\t<meta property=\"og:image:height\" content=\"683\" \/>\n\t<meta property=\"og:image:type\" content=\"image\/jpeg\" \/>\n<meta name=\"author\" content=\"Leon Notbom\" \/>\n<meta name=\"twitter:card\" content=\"summary_large_image\" \/>\n<meta name=\"twitter:label1\" content=\"Verfasst von\" \/>\n\t<meta name=\"twitter:data1\" content=\"Leon Notbom\" \/>\n\t<meta name=\"twitter:label2\" content=\"Gesch\u00e4tzte Lesezeit\" \/>\n\t<meta name=\"twitter:data2\" content=\"6\u00a0Minuten\" \/>\n<script type=\"application\/ld+json\" class=\"yoast-schema-graph\">{\"@context\":\"https:\\\/\\\/schema.org\",\"@graph\":[{\"@type\":\"Article\",\"@id\":\"https:\\\/\\\/db-eco.com\\\/de\\\/aktuelles\\\/berufliche-weiterentwicklung-in-der-db-e-c-o-group\\\/#article\",\"isPartOf\":{\"@id\":\"https:\\\/\\\/db-eco.com\\\/de\\\/aktuelles\\\/berufliche-weiterentwicklung-in-der-db-e-c-o-group\\\/\"},\"author\":{\"name\":\"Leon Notbom\",\"@id\":\"https:\\\/\\\/db-eco.com\\\/de\\\/#\\\/schema\\\/person\\\/674d69d45e472b20a31b78f98553e0a9\"},\"headline\":\"Berufliche Weiterentwicklung innerhalb der DB E.C.O. Group\",\"datePublished\":\"2024-01-18T09:38:10+00:00\",\"dateModified\":\"2025-05-06T23:11:17+00:00\",\"mainEntityOfPage\":{\"@id\":\"https:\\\/\\\/db-eco.com\\\/de\\\/aktuelles\\\/berufliche-weiterentwicklung-in-der-db-e-c-o-group\\\/\"},\"wordCount\":896,\"publisher\":{\"@id\":\"https:\\\/\\\/db-eco.com\\\/de\\\/#organization\"},\"image\":{\"@id\":\"https:\\\/\\\/db-eco.com\\\/de\\\/aktuelles\\\/berufliche-weiterentwicklung-in-der-db-e-c-o-group\\\/#primaryimage\"},\"thumbnailUrl\":\"https:\\\/\\\/db-eco.com\\\/wp-content\\\/uploads\\\/2024\\\/01\\\/KarriereDBE.C.O._Felipe-Urrego_Camara-Lucida.jpeg\",\"keywords\":[\"DB e.c.o. group\",\"db e&amp;c\",\"db engineering &amp; consulting\",\"db international operations\",\"dbrailacademy\",\"fortbildung\",\"international\",\"karriere\",\"weiterbildung\"],\"articleSection\":[\"News\"],\"inLanguage\":\"de\"},{\"@type\":\"WebPage\",\"@id\":\"https:\\\/\\\/db-eco.com\\\/de\\\/aktuelles\\\/berufliche-weiterentwicklung-in-der-db-e-c-o-group\\\/\",\"url\":\"https:\\\/\\\/db-eco.com\\\/de\\\/aktuelles\\\/berufliche-weiterentwicklung-in-der-db-e-c-o-group\\\/\",\"name\":\"Berufliche Weiterentwicklung innerhalb der DB E.C.O. Group\",\"isPartOf\":{\"@id\":\"https:\\\/\\\/db-eco.com\\\/de\\\/#website\"},\"primaryImageOfPage\":{\"@id\":\"https:\\\/\\\/db-eco.com\\\/de\\\/aktuelles\\\/berufliche-weiterentwicklung-in-der-db-e-c-o-group\\\/#primaryimage\"},\"image\":{\"@id\":\"https:\\\/\\\/db-eco.com\\\/de\\\/aktuelles\\\/berufliche-weiterentwicklung-in-der-db-e-c-o-group\\\/#primaryimage\"},\"thumbnailUrl\":\"https:\\\/\\\/db-eco.com\\\/wp-content\\\/uploads\\\/2024\\\/01\\\/KarriereDBE.C.O._Felipe-Urrego_Camara-Lucida.jpeg\",\"datePublished\":\"2024-01-18T09:38:10+00:00\",\"dateModified\":\"2025-05-06T23:11:17+00:00\",\"description\":\"Einer der zentralen Eckpfeiler des Erfolgs der DB E.C.O. Group ist unser Team. Erfahren Sie mehr \u00fcber die Karriere zweier Mitarbeiter.\",\"breadcrumb\":{\"@id\":\"https:\\\/\\\/db-eco.com\\\/de\\\/aktuelles\\\/berufliche-weiterentwicklung-in-der-db-e-c-o-group\\\/#breadcrumb\"},\"inLanguage\":\"de\",\"potentialAction\":[{\"@type\":\"ReadAction\",\"target\":[\"https:\\\/\\\/db-eco.com\\\/de\\\/aktuelles\\\/berufliche-weiterentwicklung-in-der-db-e-c-o-group\\\/\"]}]},{\"@type\":\"ImageObject\",\"inLanguage\":\"de\",\"@id\":\"https:\\\/\\\/db-eco.com\\\/de\\\/aktuelles\\\/berufliche-weiterentwicklung-in-der-db-e-c-o-group\\\/#primaryimage\",\"url\":\"https:\\\/\\\/db-eco.com\\\/wp-content\\\/uploads\\\/2024\\\/01\\\/KarriereDBE.C.O._Felipe-Urrego_Camara-Lucida.jpeg\",\"contentUrl\":\"https:\\\/\\\/db-eco.com\\\/wp-content\\\/uploads\\\/2024\\\/01\\\/KarriereDBE.C.O._Felipe-Urrego_Camara-Lucida.jpeg\",\"width\":1024,\"height\":683,\"caption\":\"Camara Lucida\"},{\"@type\":\"BreadcrumbList\",\"@id\":\"https:\\\/\\\/db-eco.com\\\/de\\\/aktuelles\\\/berufliche-weiterentwicklung-in-der-db-e-c-o-group\\\/#breadcrumb\",\"itemListElement\":[{\"@type\":\"ListItem\",\"position\":1,\"name\":\"Home\",\"item\":\"https:\\\/\\\/db-eco.com\\\/de\\\/\"},{\"@type\":\"ListItem\",\"position\":2,\"name\":\"Berufliche Weiterentwicklung innerhalb der DB E.C.O. Group\"}]},{\"@type\":\"WebSite\",\"@id\":\"https:\\\/\\\/db-eco.com\\\/de\\\/#website\",\"url\":\"https:\\\/\\\/db-eco.com\\\/de\\\/\",\"name\":\"DB ECO\",\"description\":\"Part of DB E.C.O. Group\",\"publisher\":{\"@id\":\"https:\\\/\\\/db-eco.com\\\/de\\\/#organization\"},\"potentialAction\":[{\"@type\":\"SearchAction\",\"target\":{\"@type\":\"EntryPoint\",\"urlTemplate\":\"https:\\\/\\\/db-eco.com\\\/de\\\/?s={search_term_string}\"},\"query-input\":{\"@type\":\"PropertyValueSpecification\",\"valueRequired\":true,\"valueName\":\"search_term_string\"}}],\"inLanguage\":\"de\"},{\"@type\":\"Organization\",\"@id\":\"https:\\\/\\\/db-eco.com\\\/de\\\/#organization\",\"name\":\"DB E.C.O. Group\",\"url\":\"https:\\\/\\\/db-eco.com\\\/de\\\/\",\"logo\":{\"@type\":\"ImageObject\",\"inLanguage\":\"de\",\"@id\":\"https:\\\/\\\/db-eco.com\\\/de\\\/#\\\/schema\\\/logo\\\/image\\\/\",\"url\":\"https:\\\/\\\/db-eco.com\\\/wp-content\\\/uploads\\\/2022\\\/10\\\/Logo_DB-ECO-Group_310x69.jpg\",\"contentUrl\":\"https:\\\/\\\/db-eco.com\\\/wp-content\\\/uploads\\\/2022\\\/10\\\/Logo_DB-ECO-Group_310x69.jpg\",\"width\":310,\"height\":69,\"caption\":\"DB E.C.O. Group\"},\"image\":{\"@id\":\"https:\\\/\\\/db-eco.com\\\/de\\\/#\\\/schema\\\/logo\\\/image\\\/\"},\"sameAs\":[\"https:\\\/\\\/www.linkedin.com\\\/company\\\/db-e-c-o-group\\\/\"],\"description\":\"Die DB E.C.O. Group setzt sich aus DB Engineering & Consulting, Deutsche Bahn International Operations, infraView, ESE Engineering und Software-Entwicklung, inno2grid sowie weiteren lokalen Gesellschaften, Tochterunternehmen und internationalen Beteiligungen zusammen. Das geb\u00fcndelte Fachwissen der Deutschen Bahn in den Bereichen Engineering, Consulting und Betrieb bildet die Grundlage f\u00fcr die umfassende Infrastrukturkompetenz der Gruppe. Diese Expertise ist integraler Bestandteil aller Leistungen und erm\u00f6glicht die Entwicklung innovativer und nachhaltiger L\u00f6sungen f\u00fcr die Mobilit\u00e4t der Zukunft. Seit Ende 2019 verbindet die B E.C.O. Group ihre fundierte Systemkenntnis des integrierten Schienenverkehrs mit digitalen Technologien entlang der gesamten Wertsch\u00f6pfungskette. Als Full-Service-Dienstleister mit \u00fcber 8.200 Mitarbeitenden aus 90 Nationen bietet das Unternehmen ein zukunftsorientiertes Leistungsportfolio und leistet zugleich einen aktiven Beitrag zum Umwelt- und Klimaschutz. In enger Zusammenarbeit mit Gesch\u00e4ftspartnern werden zuverl\u00e4ssige und wirtschaftliche L\u00f6sungen f\u00fcr komplexe Projekte umgesetzt.\",\"email\":\"eco-group@deutschebahn.com\",\"legalName\":\"DB Engineering & Consulting GmbH, DB E.C.O Group\",\"vatID\":\"DE 114 139 523\",\"numberOfEmployees\":{\"@type\":\"QuantitativeValue\",\"minValue\":\"5001\",\"maxValue\":\"10000\"}},{\"@type\":\"Person\",\"@id\":\"https:\\\/\\\/db-eco.com\\\/de\\\/#\\\/schema\\\/person\\\/674d69d45e472b20a31b78f98553e0a9\",\"name\":\"Leon Notbom\",\"image\":{\"@type\":\"ImageObject\",\"inLanguage\":\"de\",\"@id\":\"https:\\\/\\\/secure.gravatar.com\\\/avatar\\\/dbb714e53c8bb42cdad1bc8268e7cf3c83513174a3b532b2227d1fc6d6ff9303?s=96&d=mm&r=g\",\"url\":\"https:\\\/\\\/secure.gravatar.com\\\/avatar\\\/dbb714e53c8bb42cdad1bc8268e7cf3c83513174a3b532b2227d1fc6d6ff9303?s=96&d=mm&r=g\",\"contentUrl\":\"https:\\\/\\\/secure.gravatar.com\\\/avatar\\\/dbb714e53c8bb42cdad1bc8268e7cf3c83513174a3b532b2227d1fc6d6ff9303?s=96&d=mm&r=g\",\"caption\":\"Leon Notbom\"}}]}<\/script>\n<!-- \/ Yoast SEO Premium plugin. -->","yoast_head_json":{"title":"Berufliche Weiterentwicklung innerhalb der DB E.C.O. Group","description":"Einer der zentralen Eckpfeiler des Erfolgs der DB E.C.O. Group ist unser Team. Erfahren Sie mehr \u00fcber die Karriere zweier Mitarbeiter.","robots":{"index":"index","follow":"follow","max-snippet":"max-snippet:-1","max-image-preview":"max-image-preview:large","max-video-preview":"max-video-preview:-1"},"canonical":"https:\/\/db-eco.com\/de\/aktuelles\/berufliche-weiterentwicklung-in-der-db-e-c-o-group\/","og_locale":"de_DE","og_type":"article","og_title":"Berufliche Weiterentwicklung innerhalb der DB E.C.O. Group","og_description":"Einer der zentralen Eckpfeiler des Erfolgs der DB E.C.O. Group ist unser Team. Erfahren Sie mehr \u00fcber die Karriere zweier Mitarbeiter.","og_url":"https:\/\/db-eco.com\/de\/aktuelles\/berufliche-weiterentwicklung-in-der-db-e-c-o-group\/","og_site_name":"DB ECO","article_published_time":"2024-01-18T09:38:10+00:00","article_modified_time":"2025-05-06T23:11:17+00:00","og_image":[{"width":1024,"height":683,"url":"https:\/\/db-eco.com\/wp-content\/uploads\/2024\/01\/KarriereDBE.C.O._Felipe-Urrego_Camara-Lucida.jpeg","type":"image\/jpeg"}],"author":"Leon Notbom","twitter_card":"summary_large_image","twitter_misc":{"Verfasst von":"Leon Notbom","Gesch\u00e4tzte Lesezeit":"6\u00a0Minuten"},"schema":{"@context":"https:\/\/schema.org","@graph":[{"@type":"Article","@id":"https:\/\/db-eco.com\/de\/aktuelles\/berufliche-weiterentwicklung-in-der-db-e-c-o-group\/#article","isPartOf":{"@id":"https:\/\/db-eco.com\/de\/aktuelles\/berufliche-weiterentwicklung-in-der-db-e-c-o-group\/"},"author":{"name":"Leon Notbom","@id":"https:\/\/db-eco.com\/de\/#\/schema\/person\/674d69d45e472b20a31b78f98553e0a9"},"headline":"Berufliche Weiterentwicklung innerhalb der DB E.C.O. Group","datePublished":"2024-01-18T09:38:10+00:00","dateModified":"2025-05-06T23:11:17+00:00","mainEntityOfPage":{"@id":"https:\/\/db-eco.com\/de\/aktuelles\/berufliche-weiterentwicklung-in-der-db-e-c-o-group\/"},"wordCount":896,"publisher":{"@id":"https:\/\/db-eco.com\/de\/#organization"},"image":{"@id":"https:\/\/db-eco.com\/de\/aktuelles\/berufliche-weiterentwicklung-in-der-db-e-c-o-group\/#primaryimage"},"thumbnailUrl":"https:\/\/db-eco.com\/wp-content\/uploads\/2024\/01\/KarriereDBE.C.O._Felipe-Urrego_Camara-Lucida.jpeg","keywords":["DB e.c.o. group","db e&amp;c","db engineering &amp; consulting","db international operations","dbrailacademy","fortbildung","international","karriere","weiterbildung"],"articleSection":["News"],"inLanguage":"de"},{"@type":"WebPage","@id":"https:\/\/db-eco.com\/de\/aktuelles\/berufliche-weiterentwicklung-in-der-db-e-c-o-group\/","url":"https:\/\/db-eco.com\/de\/aktuelles\/berufliche-weiterentwicklung-in-der-db-e-c-o-group\/","name":"Berufliche Weiterentwicklung innerhalb der DB E.C.O. Group","isPartOf":{"@id":"https:\/\/db-eco.com\/de\/#website"},"primaryImageOfPage":{"@id":"https:\/\/db-eco.com\/de\/aktuelles\/berufliche-weiterentwicklung-in-der-db-e-c-o-group\/#primaryimage"},"image":{"@id":"https:\/\/db-eco.com\/de\/aktuelles\/berufliche-weiterentwicklung-in-der-db-e-c-o-group\/#primaryimage"},"thumbnailUrl":"https:\/\/db-eco.com\/wp-content\/uploads\/2024\/01\/KarriereDBE.C.O._Felipe-Urrego_Camara-Lucida.jpeg","datePublished":"2024-01-18T09:38:10+00:00","dateModified":"2025-05-06T23:11:17+00:00","description":"Einer der zentralen Eckpfeiler des Erfolgs der DB E.C.O. Group ist unser Team. Erfahren Sie mehr \u00fcber die Karriere zweier Mitarbeiter.","breadcrumb":{"@id":"https:\/\/db-eco.com\/de\/aktuelles\/berufliche-weiterentwicklung-in-der-db-e-c-o-group\/#breadcrumb"},"inLanguage":"de","potentialAction":[{"@type":"ReadAction","target":["https:\/\/db-eco.com\/de\/aktuelles\/berufliche-weiterentwicklung-in-der-db-e-c-o-group\/"]}]},{"@type":"ImageObject","inLanguage":"de","@id":"https:\/\/db-eco.com\/de\/aktuelles\/berufliche-weiterentwicklung-in-der-db-e-c-o-group\/#primaryimage","url":"https:\/\/db-eco.com\/wp-content\/uploads\/2024\/01\/KarriereDBE.C.O._Felipe-Urrego_Camara-Lucida.jpeg","contentUrl":"https:\/\/db-eco.com\/wp-content\/uploads\/2024\/01\/KarriereDBE.C.O._Felipe-Urrego_Camara-Lucida.jpeg","width":1024,"height":683,"caption":"Camara Lucida"},{"@type":"BreadcrumbList","@id":"https:\/\/db-eco.com\/de\/aktuelles\/berufliche-weiterentwicklung-in-der-db-e-c-o-group\/#breadcrumb","itemListElement":[{"@type":"ListItem","position":1,"name":"Home","item":"https:\/\/db-eco.com\/de\/"},{"@type":"ListItem","position":2,"name":"Berufliche Weiterentwicklung innerhalb der DB E.C.O. Group"}]},{"@type":"WebSite","@id":"https:\/\/db-eco.com\/de\/#website","url":"https:\/\/db-eco.com\/de\/","name":"DB ECO","description":"Part of DB E.C.O. Group","publisher":{"@id":"https:\/\/db-eco.com\/de\/#organization"},"potentialAction":[{"@type":"SearchAction","target":{"@type":"EntryPoint","urlTemplate":"https:\/\/db-eco.com\/de\/?s={search_term_string}"},"query-input":{"@type":"PropertyValueSpecification","valueRequired":true,"valueName":"search_term_string"}}],"inLanguage":"de"},{"@type":"Organization","@id":"https:\/\/db-eco.com\/de\/#organization","name":"DB E.C.O. Group","url":"https:\/\/db-eco.com\/de\/","logo":{"@type":"ImageObject","inLanguage":"de","@id":"https:\/\/db-eco.com\/de\/#\/schema\/logo\/image\/","url":"https:\/\/db-eco.com\/wp-content\/uploads\/2022\/10\/Logo_DB-ECO-Group_310x69.jpg","contentUrl":"https:\/\/db-eco.com\/wp-content\/uploads\/2022\/10\/Logo_DB-ECO-Group_310x69.jpg","width":310,"height":69,"caption":"DB E.C.O. Group"},"image":{"@id":"https:\/\/db-eco.com\/de\/#\/schema\/logo\/image\/"},"sameAs":["https:\/\/www.linkedin.com\/company\/db-e-c-o-group\/"],"description":"Die DB E.C.O. Group setzt sich aus DB Engineering & Consulting, Deutsche Bahn International Operations, infraView, ESE Engineering und Software-Entwicklung, inno2grid sowie weiteren lokalen Gesellschaften, Tochterunternehmen und internationalen Beteiligungen zusammen. Das geb\u00fcndelte Fachwissen der Deutschen Bahn in den Bereichen Engineering, Consulting und Betrieb bildet die Grundlage f\u00fcr die umfassende Infrastrukturkompetenz der Gruppe. Diese Expertise ist integraler Bestandteil aller Leistungen und erm\u00f6glicht die Entwicklung innovativer und nachhaltiger L\u00f6sungen f\u00fcr die Mobilit\u00e4t der Zukunft. Seit Ende 2019 verbindet die B E.C.O. Group ihre fundierte Systemkenntnis des integrierten Schienenverkehrs mit digitalen Technologien entlang der gesamten Wertsch\u00f6pfungskette. Als Full-Service-Dienstleister mit \u00fcber 8.200 Mitarbeitenden aus 90 Nationen bietet das Unternehmen ein zukunftsorientiertes Leistungsportfolio und leistet zugleich einen aktiven Beitrag zum Umwelt- und Klimaschutz. In enger Zusammenarbeit mit Gesch\u00e4ftspartnern werden zuverl\u00e4ssige und wirtschaftliche L\u00f6sungen f\u00fcr komplexe Projekte umgesetzt.","email":"eco-group@deutschebahn.com","legalName":"DB Engineering & Consulting GmbH, DB E.C.O Group","vatID":"DE 114 139 523","numberOfEmployees":{"@type":"QuantitativeValue","minValue":"5001","maxValue":"10000"}},{"@type":"Person","@id":"https:\/\/db-eco.com\/de\/#\/schema\/person\/674d69d45e472b20a31b78f98553e0a9","name":"Leon Notbom","image":{"@type":"ImageObject","inLanguage":"de","@id":"https:\/\/secure.gravatar.com\/avatar\/dbb714e53c8bb42cdad1bc8268e7cf3c83513174a3b532b2227d1fc6d6ff9303?s=96&d=mm&r=g","url":"https:\/\/secure.gravatar.com\/avatar\/dbb714e53c8bb42cdad1bc8268e7cf3c83513174a3b532b2227d1fc6d6ff9303?s=96&d=mm&r=g","contentUrl":"https:\/\/secure.gravatar.com\/avatar\/dbb714e53c8bb42cdad1bc8268e7cf3c83513174a3b532b2227d1fc6d6ff9303?s=96&d=mm&r=g","caption":"Leon Notbom"}}]}},"dbec_featured_media":{"source_url":"https:\/\/db-eco.com\/wp-content\/uploads\/2024\/01\/KarriereDBE.C.O._Felipe-Urrego_Camara-Lucida-300x200.jpeg","source_set":"https:\/\/db-eco.com\/wp-content\/uploads\/2024\/01\/KarriereDBE.C.O._Felipe-Urrego_Camara-Lucida-300x200.jpeg 300w, https:\/\/db-eco.com\/wp-content\/uploads\/2024\/01\/KarriereDBE.C.O._Felipe-Urrego_Camara-Lucida-768x512.jpeg 768w, https:\/\/db-eco.com\/wp-content\/uploads\/2024\/01\/KarriereDBE.C.O._Felipe-Urrego_Camara-Lucida-520x347.jpeg 520w, https:\/\/db-eco.com\/wp-content\/uploads\/2024\/01\/KarriereDBE.C.O._Felipe-Urrego_Camara-Lucida.jpeg 1024w","caption":"Camara Lucida","alt":"Luis Felipe Urrego on a balcony"},"post_views":7503,"_links":{"self":[{"href":"https:\/\/db-eco.com\/de\/wp-json\/wp\/v2\/posts\/4921","targetHints":{"allow":["GET"]}}],"collection":[{"href":"https:\/\/db-eco.com\/de\/wp-json\/wp\/v2\/posts"}],"about":[{"href":"https:\/\/db-eco.com\/de\/wp-json\/wp\/v2\/types\/post"}],"author":[{"embeddable":true,"href":"https:\/\/db-eco.com\/de\/wp-json\/wp\/v2\/users\/18"}],"replies":[{"embeddable":true,"href":"https:\/\/db-eco.com\/de\/wp-json\/wp\/v2\/comments?post=4921"}],"version-history":[{"count":48,"href":"https:\/\/db-eco.com\/de\/wp-json\/wp\/v2\/posts\/4921\/revisions"}],"predecessor-version":[{"id":7686,"href":"https:\/\/db-eco.com\/de\/wp-json\/wp\/v2\/posts\/4921\/revisions\/7686"}],"wp:featuredmedia":[{"embeddable":true,"href":"https:\/\/db-eco.com\/de\/wp-json\/wp\/v2\/media\/4926"}],"wp:attachment":[{"href":"https:\/\/db-eco.com\/de\/wp-json\/wp\/v2\/media?parent=4921"}],"wp:term":[{"taxonomy":"category","embeddable":true,"href":"https:\/\/db-eco.com\/de\/wp-json\/wp\/v2\/categories?post=4921"},{"taxonomy":"post_tag","embeddable":true,"href":"https:\/\/db-eco.com\/de\/wp-json\/wp\/v2\/tags?post=4921"}],"curies":[{"name":"wp","href":"https:\/\/api.w.org\/{rel}","templated":true}]}}